{"id":93027,"date":"2026-09-04T08:56:28","date_gmt":"2026-09-04T06:56:28","guid":{"rendered":"https:\/\/www.libri.de\/?p=93027"},"modified":"2026-09-04T08:56:29","modified_gmt":"2026-09-04T06:56:29","slug":"sommer-update-zur-campus-projektgruppe","status":"publish","type":"post","link":"https:\/\/www.libri.de\/de\/magazin\/sommer-update-zur-campus-projektgruppe\/","title":{"rendered":"Sommer-Update zur Campus-Projektgruppe"},"content":{"rendered":"\n<p class=\"wp-block-paragraph\"><\/p>\n\n\n\r\n<div id=\"text-block_f85b071addf80eccaa0c270ca10ed696\" class=\"block-text module type-text bc-trans\">\r\n  <div class=\"container\">\r\n\r\n    \r\n      <div class=\"row \">\r\n\r\n        \r\n        <div class=\"col-12 col-md-9\">\r\n\r\n          \r\n          <div class=\"text for-box-js\">\r\n            <p>Unter dem Motto \u201eBuchhandlungs-Tetris\u201c geht es dieses Jahr um die Frage: Wie lassen sich Verkaufsfl\u00e4chen optimal nutzen? Im Mai startete die Projektgruppe, die nun \u00fcber 12 Monate von Claudia Ordelmans (Buchhandelsexpertin) und Bennet Callies (Teamleitung Vertriebscontrolling bei Libri) begleitet wird. Die Ergebnisse werden auf dem n\u00e4chsten Libri.Campus live Ende April 2027 pr\u00e4sentiert.<\/p>\n<p>&nbsp;<\/p>\n          <\/div>\r\n\r\n          \r\n          \r\n        <\/div>\r\n        \r\n      <\/div>\r\n\r\n    \r\n  <\/div>\r\n<\/div>\r\n\r\n\n\n\r\n<div id=\"box-block_fbe2d0c34ab883f68ca41de6fce5d71f\" class=\"block-box type-info\">\r\n\r\n  <div class=\"container\">\r\n    <div class=\"box-teaser\">\r\n      <div class=\"icon icon-info\"><\/div>\r\n      <div class=\"text\">\r\n        <p><strong>Foto: Kick-off am 7. Mai 2026 in Bad Hersfeld<br \/>\n<\/strong>Obere Reihe (v. l. n. r.): Bennet Callies, Caren Degen, Melanie Kipfm\u00fcller, Christiane Terwelp, Manuela Harm, Lisa St\u00f6hr, Claudia K\u00f6rner, Claudia Ordelmans, Anja Vollmer<br \/>\nUntere Reihe (v. l. n. r.): Jana Kolar-Voigt, Sandra Reubert, Anja Guffler, Regina Strunden<\/p>\n      <\/div>\r\n          <\/div>\r\n  <\/div>\r\n<\/div>\r\n\r\n\n\n\r\n<div id=\"text-block_05a00251be877415cdb778b42560269f\" class=\"block-text module type-text bc-trans\">\r\n  <div class=\"container\">\r\n\r\n    \r\n      <div class=\"row \">\r\n\r\n        \r\n        <div class=\"col-12 col-md-9\">\r\n\r\n          \r\n          <div class=\"text for-box-js\">\r\n            <h2>R\u00fcckblick:\u00a0Was bisher geschah.<\/h2>\n<p>Mit dem Kick-off auf dem Libri.Campus live 2026 ging es los, und dort gab es schon die ersten Hausaufgaben: Warengruppen und Zahlen in Excel erfassen \u2013 nicht gerade aufregend, aber unumg\u00e4nglich! Spannender wurde es beim Online-Workshop im Juni: Die Projektbuchh\u00e4ndlerinnen blieben trotz 30 Grad drei Stunden lang hochkonzentriert, als es um erste Erkenntnisse aus der Kennzahlenerhebung, Vergleichswerte und Fl\u00e4chenvermessung ging.<\/p>\n<p>Der n\u00e4chste Auftrag lautete anschlie\u00dfend, die eigene Fl\u00e4che zu ermitteln und mit der Zahlenbasis abzugleichen: Wie viele B\u00fccher machen auf welcher Fl\u00e4che wie viel Umsatz? Und welche Ma\u00dfnahmen lassen sich daraus ableiten?<\/p>\n          <\/div>\r\n\r\n          \r\n          \r\n        <\/div>\r\n        \r\n      <\/div>\r\n\r\n    \r\n  <\/div>\r\n<\/div>\r\n\r\n\n\n\r\n<div id=\"quote-block_bf34567892adecba4753743e6117f3f8\" class=\"block-quote type- bc-trans\">\r\n  <div class=\"container\">\r\n\r\n    \r\n\t\t<div class=\"d-flex flex-column flex-md-row align-items-md-center\">\r\n\r\n\t\t\t<div class=\"image size-small\">\r\n\t\t\t\t<img decoding=\"async\" width=\"300\" height=\"300\" src=\"https:\/\/www.libri.de\/wp-content\/uploads\/2025\/01\/Bennet_Callies-Libri_800x800px-300x300.jpg\" class=\"attachment-medium size-medium\" alt=\"Bennet Callies | Libri\" srcset=\"https:\/\/www.libri.de\/wp-content\/uploads\/2025\/01\/Bennet_Callies-Libri_800x800px-300x300.jpg 300w, https:\/\/www.libri.de\/wp-content\/uploads\/2025\/01\/Bennet_Callies-Libri_800x800px-1024x1024.jpg 1024w, https:\/\/www.libri.de\/wp-content\/uploads\/2025\/01\/Bennet_Callies-Libri_800x800px-150x150.jpg 150w, https:\/\/www.libri.de\/wp-content\/uploads\/2025\/01\/Bennet_Callies-Libri_800x800px-768x768.jpg 768w, https:\/\/www.libri.de\/wp-content\/uploads\/2025\/01\/Bennet_Callies-Libri_800x800px-1536x1536.jpg 1536w, https:\/\/www.libri.de\/wp-content\/uploads\/2025\/01\/Bennet_Callies-Libri_800x800px-2048x2048.jpg 2048w\" sizes=\"(max-width: 300px) 100vw, 300px\" \/>\t\t\t<\/div>\r\n\r\n\t\t\t<div class=\"info\">\r\n\t\t\t\t<p class=\"quote\">Oft gab es schon vorher ein Bauchgef\u00fchl, das die Zahlen dann best\u00e4tigt haben, z. B. eine zu gro\u00dfe Reise-Abteilung. Vor jedem Termin haben wir uns die Zahlen genau angeschaut, um mit den Buchhandlungen vor Ort sehr konkret \u00fcber ihre Ansatzpunkte zu sprechen.<\/p>\r\n\t\t\t\t\t\t\t\t\t<div class=\"p mb-0 author\">Bennet Callies | Teamleitung Vertriebscontrolling bei Libri<\/div>\r\n\t\t\t\t\t\t\t\t<\/div>\r\n\r\n\t\t<\/div>\r\n\r\n  <\/div>\r\n<\/div>\n\n\r\n<div id=\"text-block_39f42ad7ce49e175cd12fe9e92d4e9ad\" class=\"block-text module type-text bc-trans\">\r\n  <div class=\"container\">\r\n\r\n    \r\n      <div class=\"row \">\r\n\r\n        \r\n        <div class=\"col-12 col-md-9\">\r\n\r\n          \r\n          <div class=\"text for-box-js\">\r\n            <h2>Zwischenstand: Sechs Buchhandlungen im Arbeitsmodus.<\/h2>\n<p>Claudia und Bennet haben hingeschaut, zugeh\u00f6rt, diskutiert und f\u00fcr den ein oder anderen Denkansto\u00df gesorgt \u2013 eine Tour, die alle Beteiligten ein gutes St\u00fcck weitergebracht hat. F\u00fcr uns haben die zwei ihre Eindr\u00fccke skizziert:<\/p>\n          <\/div>\r\n\r\n          \r\n          \r\n        <\/div>\r\n        \r\n      <\/div>\r\n\r\n    \r\n  <\/div>\r\n<\/div>\r\n\r\n\n\n\r\n<div id=\"text-block_1fb92f44469474bae0c3e02b87219745\" class=\"block-text module type-text bc-trans\">\r\n  <div class=\"container\">\r\n\r\n    \r\n      <div class=\"row \">\r\n\r\n        \r\n        <div class=\"col-12 col-md-9\">\r\n\r\n          \r\n          <div class=\"text for-box-js\">\r\n            <h5>23. Juli: Buchhandlung Libera in Stadt Taunusstadt<\/h5>\n<h3>Wegef\u00fchrung mit flie\u00dfenden \u00dcberg\u00e4ngen<\/h3>\n<p>Ein gro\u00dfartiger Start in Taunusstein! Sandra Reubert und Melanie Kipfm\u00fcller waren top vorbereitet und haben schon viel an Ideen umgesetzt. Ihre Buchhandlung ist ger\u00e4umig, aber der Schnitt erfordert ein gutes Konzept: Ein gro\u00dfer Teil der Fl\u00e4che ist vom Eingangsbereich aus nicht gut einzusehen \u2013 es braucht also Anreize, um die Kund*innen auch in diesen Bereich zu f\u00fchren. Das ist hier das wichtigste Thema! Wir haben dar\u00fcber diskutiert, wie ein Ablauf der Sortimente so gelingen kann, dass Themen organisch ineinander \u00fcbergehen und die unterschiedlichen Zielgruppen trotzdem direkt finden, was sie suchen. Und das, ohne endlos viel an zus\u00e4tzlichem Bestand aufzubauen.<\/p>\n          <\/div>\r\n\r\n                      <div class=\"cta\">\r\n              <a \r\n                class=\"bttn-secondary icn-redirect\" \r\n                href=\"https:\/\/www.genialokal.de\/buchhandlung\/taunusstein\/libera\/\" \r\n                target=\"_blank\"\r\n                >\r\n                Buchhandlung Libera              <\/a>\r\n            <\/div>\r\n          \r\n          \r\n        <\/div>\r\n        \r\n      <\/div>\r\n\r\n    \r\n  <\/div>\r\n<\/div>\r\n\r\n\n\n\r\n<div id=\"image-block_c375f265fdea6056b4c218b8fa3d86d8\" class=\"block-image module type-default bc-trans\">\r\n\r\n      <div class=\"container\">\r\n      <div class=\"row\">\r\n        <div class=\"col-12 col-md-9\">\r\n          \r\n          <div class=\"row\">\r\n\r\n                          <div class=\"col\">\r\n                <img decoding=\"async\" width=\"1024\" height=\"566\" src=\"https:\/\/www.libri.de\/wp-content\/uploads\/2026\/08\/Libera-Buchhandlung_1650x912px-1024x566.png\" class=\"attachment-large size-large\" alt=\"Buchhandlung Libera in Stadt Taunusstadt\" srcset=\"https:\/\/www.libri.de\/wp-content\/uploads\/2026\/08\/Libera-Buchhandlung_1650x912px-1024x566.png 1024w, https:\/\/www.libri.de\/wp-content\/uploads\/2026\/08\/Libera-Buchhandlung_1650x912px-300x166.png 300w, https:\/\/www.libri.de\/wp-content\/uploads\/2026\/08\/Libera-Buchhandlung_1650x912px-768x424.png 768w, https:\/\/www.libri.de\/wp-content\/uploads\/2026\/08\/Libera-Buchhandlung_1650x912px-1536x849.png 1536w, https:\/\/www.libri.de\/wp-content\/uploads\/2026\/08\/Libera-Buchhandlung_1650x912px.png 1650w\" sizes=\"(max-width: 1024px) 100vw, 1024px\" \/>              <\/div>\r\n                        \r\n            \r\n          <\/div>\r\n\r\n          <div class=\"row\">\r\n\r\n                          <div class=\"col caption\">\r\n                Buchhandlung Libera: Die Kund*innen sollen in die hinteren Bereiche gef\u00fchrt werden.              <\/div>\r\n                        \r\n            \r\n          <\/div>\r\n\r\n        <\/div>\r\n      <\/div>\r\n    <\/div>\r\n\r\n   \r\n  \r\n<\/div>\r\n\r\n\n\n\r\n<div id=\"text-block_25825b8a65ea107b7f32aeffb7258667\" class=\"block-text module type-text bc-trans\">\r\n  <div class=\"container\">\r\n\r\n    \r\n      <div class=\"row \">\r\n\r\n        \r\n        <div class=\"col-12 col-md-9\">\r\n\r\n          \r\n          <div class=\"text for-box-js\">\r\n            <h5>23. Juli: Buch-Vogel in W\u00f6llstein<\/h5>\n<h3>Ein neuer Raum und 1.000 M\u00f6glichkeiten<\/h3>\n<p>Auch in W\u00f6llstein geht es um die F\u00fchrung der Kund*innen durch den Raum, die Herausforderung allerdings liegt etwas anders: Hier ist seit Januar ein kleiner Raum frei geworden, der wie ein separates Zimmer an die Buchhandlung angeschlossen ist. F\u00fcr Inhaberin Antje Guffler stellt sich nun die Frage, wie der optimal zu integrieren ist: K\u00f6nnte ein neues Sortiment hier einziehen? K\u00f6nnen wir den Raum mit Events wie z. B. einem Buchclub oder Lesungen beleben? Oder machen wir vielleicht einfach die gesamte Fl\u00e4che zum Wohlf\u00fchlort mit charmanten Ecken, die zum Verweilen und Umgucken einladen? Das wiederum w\u00fcrde bedeuten, dass einige M\u00f6bel weichen m\u00fcssten &#8230; Eine spannende Ausgangslage, bei der auch die F\u00fclle des Warenbestands von Belang ist.<\/p>\n          <\/div>\r\n\r\n                      <div class=\"cta\">\r\n              <a \r\n                class=\"bttn-secondary icn-redirect\" \r\n                href=\"https:\/\/www.genialokal.de\/buchhandlung\/woellstein\/buch-vogel\/\" \r\n                target=\"_blank\"\r\n                >\r\n                Buch-Vogel              <\/a>\r\n            <\/div>\r\n          \r\n          \r\n        <\/div>\r\n        \r\n      <\/div>\r\n\r\n    \r\n  <\/div>\r\n<\/div>\r\n\r\n\n\n\r\n<div id=\"image-block_4d91f9f61fd210f5ae927d653671a91e\" class=\"block-image module type-default bc-trans\">\r\n\r\n      <div class=\"container\">\r\n      <div class=\"row\">\r\n        <div class=\"col-12 col-md-9\">\r\n          \r\n          <div class=\"row\">\r\n\r\n                          <div class=\"col\">\r\n                <img decoding=\"async\" width=\"1024\" height=\"566\" src=\"https:\/\/www.libri.de\/wp-content\/uploads\/2026\/08\/Buch-Vogel_1650x920px-1024x566.png\" class=\"attachment-large size-large\" alt=\"Buch Vogel in W\u00f6llstein\" srcset=\"https:\/\/www.libri.de\/wp-content\/uploads\/2026\/08\/Buch-Vogel_1650x920px-1024x566.png 1024w, https:\/\/www.libri.de\/wp-content\/uploads\/2026\/08\/Buch-Vogel_1650x920px-300x166.png 300w, https:\/\/www.libri.de\/wp-content\/uploads\/2026\/08\/Buch-Vogel_1650x920px-768x424.png 768w, https:\/\/www.libri.de\/wp-content\/uploads\/2026\/08\/Buch-Vogel_1650x920px-1536x849.png 1536w, https:\/\/www.libri.de\/wp-content\/uploads\/2026\/08\/Buch-Vogel_1650x920px.png 1650w\" sizes=\"(max-width: 1024px) 100vw, 1024px\" \/>              <\/div>\r\n                        \r\n            \r\n          <\/div>\r\n\r\n          <div class=\"row\">\r\n\r\n                          <div class=\"col caption\">\r\n                Buch Vogel: viele Optionen, Sortiment und Fl\u00e4che neu aufeinander abzustimmen              <\/div>\r\n                        \r\n            \r\n          <\/div>\r\n\r\n        <\/div>\r\n      <\/div>\r\n    <\/div>\r\n\r\n   \r\n  \r\n<\/div>\r\n\r\n\n\n\r\n<div id=\"text-block_40076103ac46eeee3865fb7a2e884a1b\" class=\"block-text module type-text bc-trans\">\r\n  <div class=\"container\">\r\n\r\n    \r\n      <div class=\"row \">\r\n\r\n        \r\n        <div class=\"col-12 col-md-9\">\r\n\r\n          \r\n          <div class=\"text for-box-js\">\r\n            <h5>24. Juli: VielSeitig &amp; B\u00fcchergilde in Frankfurt<\/h5>\n<h3>Hingucker beim Goethehaus<\/h3>\n<p>Was f\u00fcr eine wundersch\u00f6ne Architektur! Seit ihrem Umzug vor einem Jahr neben das Frankfurter Goethehaus begeistern Lisa St\u00f6hr und Claudia K\u00f6rner nicht nur uns, sondern auch viele Menschen, die das Gesch\u00e4ft und seine Sch\u00e4tze im Vor\u00fcbergehen entdecken: Durch die Laufkundschaft ergibt sich hier viel Potenzial, das jetzt auch durch die Fl\u00e4chengestaltung noch st\u00e4rker ber\u00fccksichtigt werden soll. Zum Beispiel, indem mit der Reihenfolge der Sortimente gespielt wird, oder indem man den schmalen Raum um den ein oder anderen Hingucker erweitert, der Wege unterbricht, zum Bl\u00e4ttern und idealerweise zum Kauf einl\u00e4dt. Kurz: Lisa und ihr Team machen jetzt das Beste aus einer guten Lage.<\/p>\n          <\/div>\r\n\r\n                      <div class=\"cta\">\r\n              <a \r\n                class=\"bttn-secondary icn-redirect\" \r\n                href=\"https:\/\/buechergilde-frankfurt.buchhandlung.de\/shop\/\" \r\n                target=\"_blank\"\r\n                >\r\n                Vielseitig &#038; B\u00fcchergilde              <\/a>\r\n            <\/div>\r\n          \r\n          \r\n        <\/div>\r\n        \r\n      <\/div>\r\n\r\n    \r\n  <\/div>\r\n<\/div>\r\n\r\n\n\n\r\n<div id=\"image-block_a20b750a0bf45101b63e58f351ee1e9b\" class=\"block-image module type-default bc-trans\">\r\n\r\n      <div class=\"container\">\r\n      <div class=\"row\">\r\n        <div class=\"col-12 col-md-9\">\r\n          \r\n          <div class=\"row\">\r\n\r\n                          <div class=\"col\">\r\n                <img decoding=\"async\" width=\"1024\" height=\"566\" src=\"https:\/\/www.libri.de\/wp-content\/uploads\/2026\/08\/VielSeitig_Buechergilde-1650x912px-1024x566.png\" class=\"attachment-large size-large\" alt=\"VielSeitig &amp; B\u00fcchergilde in Frankfurt\" srcset=\"https:\/\/www.libri.de\/wp-content\/uploads\/2026\/08\/VielSeitig_Buechergilde-1650x912px-1024x566.png 1024w, https:\/\/www.libri.de\/wp-content\/uploads\/2026\/08\/VielSeitig_Buechergilde-1650x912px-300x166.png 300w, https:\/\/www.libri.de\/wp-content\/uploads\/2026\/08\/VielSeitig_Buechergilde-1650x912px-768x424.png 768w, https:\/\/www.libri.de\/wp-content\/uploads\/2026\/08\/VielSeitig_Buechergilde-1650x912px-1536x849.png 1536w, https:\/\/www.libri.de\/wp-content\/uploads\/2026\/08\/VielSeitig_Buechergilde-1650x912px.png 1650w\" sizes=\"(max-width: 1024px) 100vw, 1024px\" \/>              <\/div>\r\n                        \r\n            \r\n          <\/div>\r\n\r\n          <div class=\"row\">\r\n\r\n                          <div class=\"col caption\">\r\n                VielSeitig &amp; B\u00fcchergilde: Der Tisch ist schon ein erstes Ergebnis aus der Projektarbeit.              <\/div>\r\n                        \r\n            \r\n          <\/div>\r\n\r\n        <\/div>\r\n      <\/div>\r\n    <\/div>\r\n\r\n   \r\n  \r\n<\/div>\r\n\r\n\n\n\r\n<div id=\"text-block_402fb45aca78bf89f95b372a3ecd36f9\" class=\"block-text module type-text bc-trans\">\r\n  <div class=\"container\">\r\n\r\n    \r\n      <div class=\"row \">\r\n\r\n        \r\n        <div class=\"col-12 col-md-9\">\r\n\r\n          \r\n          <div class=\"text for-box-js\">\r\n            <h5>29. Juli: Der Buchladen in Haar<\/h5>\n<h3>Schwerpunkte setzen auf 59 qm<\/h3>\n<p>Manuela Harm und Regina Strunden trafen wir online am Bildschirm. Den Vor-Ort-Termin in Haar holen wir im September nach! Dass diese Buchhandlung gem\u00fctliche 59 qm misst, hat die Online-Besichtigung nat\u00fcrlich leicht gemacht \u2013 gleichzeitig ist genau das die Herausforderung: Zum einen soll m\u00f6glichst viel vom Sortiment pr\u00e4sentiert werden, damit bei niemandem ein Gef\u00fchl von Mangel entsteht. Andererseits gilt es, Schwerpunkte zu setzen, in denen sich die Zielgruppen sofort wiederfinden! Das gelingt schon jetzt richtig gut, finden wir. Vieles von dem, wor\u00fcber wir online diskutiert haben, ist eher Feinschliff &#8230; Wir sind gespannt, was dort weiter passiert!<\/p>\n          <\/div>\r\n\r\n                      <div class=\"cta\">\r\n              <a \r\n                class=\"bttn-secondary icn-redirect\" \r\n                href=\"https:\/\/buchladen-vaterstetten.buchhandlung.de\/shop\/\" \r\n                target=\"_blank\"\r\n                >\r\n                Der Buchladen              <\/a>\r\n            <\/div>\r\n          \r\n          \r\n        <\/div>\r\n        \r\n      <\/div>\r\n\r\n    \r\n  <\/div>\r\n<\/div>\r\n\r\n\n\n\r\n<div id=\"image-block_dea287d37b3f96ce15c13fe0ff9f0b7d\" class=\"block-image module type-default bc-trans\">\r\n\r\n      <div class=\"container\">\r\n      <div class=\"row\">\r\n        <div class=\"col-12 col-md-9\">\r\n          \r\n          <div class=\"row\">\r\n\r\n                          <div class=\"col\">\r\n                <img decoding=\"async\" width=\"1024\" height=\"566\" src=\"https:\/\/www.libri.de\/wp-content\/uploads\/2026\/08\/Der_Buchladen_Haar_1650x92px-1024x566.png\" class=\"attachment-large size-large\" alt=\"Der Buchladen Haar\" srcset=\"https:\/\/www.libri.de\/wp-content\/uploads\/2026\/08\/Der_Buchladen_Haar_1650x92px-1024x566.png 1024w, https:\/\/www.libri.de\/wp-content\/uploads\/2026\/08\/Der_Buchladen_Haar_1650x92px-300x166.png 300w, https:\/\/www.libri.de\/wp-content\/uploads\/2026\/08\/Der_Buchladen_Haar_1650x92px-768x424.png 768w, https:\/\/www.libri.de\/wp-content\/uploads\/2026\/08\/Der_Buchladen_Haar_1650x92px-1536x849.png 1536w, https:\/\/www.libri.de\/wp-content\/uploads\/2026\/08\/Der_Buchladen_Haar_1650x92px.png 1650w\" sizes=\"(max-width: 1024px) 100vw, 1024px\" \/>              <\/div>\r\n                        \r\n            \r\n          <\/div>\r\n\r\n          <div class=\"row\">\r\n\r\n                          <div class=\"col caption\">\r\n                Der Buchladen Haar nimmt die Pr\u00e4sentation der Sachb\u00fccher und Biographien unter die Lupe.              <\/div>\r\n                        \r\n            \r\n          <\/div>\r\n\r\n        <\/div>\r\n      <\/div>\r\n    <\/div>\r\n\r\n   \r\n  \r\n<\/div>\r\n\r\n\n\n\r\n<div id=\"text-block_ab1545db121187cfa88a6d02064fd779\" class=\"block-text module type-text bc-trans\">\r\n  <div class=\"container\">\r\n\r\n    \r\n      <div class=\"row \">\r\n\r\n        \r\n        <div class=\"col-12 col-md-9\">\r\n\r\n          \r\n          <div class=\"text for-box-js\">\r\n            <h5>4. August: Fontane-Buchhandlung in Neuruppin<\/h5>\n<h3>Geschickte F\u00fchrung durch den Schlauch<\/h3>\n<p>In Neuruppin bei Jana Kolar-Voigt und Anja Vollmer war Bennet vor Ort und Claudia digital zugeschaltet \u2013 auch das lief problemlos. Und auch hier ging es in erster Linie darum, die Kundschaft geschickt durch den Laden zu leiten. Eine Aufgabe, die durch den schlauchartigen Schnitt des Raums zus\u00e4tzlich anspruchsvoll wird: Die Buchhandlung bietet sch\u00f6n viel Fl\u00e4che, zieht sich aber stark in die L\u00e4nge mit zwei nischenartigen Einschnitten rechts und links. Wie schafft man da Themenwelten mit einer sinnvollen, ansprechenden Sortimentsabfolge? Und wie kann der hohe Lagerbestand untergebracht werden, ohne dass die Fl\u00e4che vollgestellt wirkt?<\/p>\n          <\/div>\r\n\r\n                      <div class=\"cta\">\r\n              <a \r\n                class=\"bttn-secondary icn-redirect\" \r\n                href=\"https:\/\/havelbuch.buchhandlung.de\/shop\/\" \r\n                target=\"_blank\"\r\n                >\r\n                Fontane Buchhandlung              <\/a>\r\n            <\/div>\r\n          \r\n          \r\n        <\/div>\r\n        \r\n      <\/div>\r\n\r\n    \r\n  <\/div>\r\n<\/div>\r\n\r\n\n\n\r\n<div id=\"image-block_37b5baee29dfc0ee951e818142f7685c\" class=\"block-image module type-default bc-trans\">\r\n\r\n      <div class=\"container\">\r\n      <div class=\"row\">\r\n        <div class=\"col-12 col-md-9\">\r\n          \r\n          <div class=\"row\">\r\n\r\n                          <div class=\"col\">\r\n                <img decoding=\"async\" width=\"1024\" height=\"566\" src=\"https:\/\/www.libri.de\/wp-content\/uploads\/2026\/08\/Fontane-Buchhandlung_1650x912px-1-1024x566.png\" class=\"attachment-large size-large\" alt=\"Fontane Buchhandlung in Neuruppin\" srcset=\"https:\/\/www.libri.de\/wp-content\/uploads\/2026\/08\/Fontane-Buchhandlung_1650x912px-1-1024x566.png 1024w, https:\/\/www.libri.de\/wp-content\/uploads\/2026\/08\/Fontane-Buchhandlung_1650x912px-1-300x166.png 300w, https:\/\/www.libri.de\/wp-content\/uploads\/2026\/08\/Fontane-Buchhandlung_1650x912px-1-768x424.png 768w, https:\/\/www.libri.de\/wp-content\/uploads\/2026\/08\/Fontane-Buchhandlung_1650x912px-1-1536x849.png 1536w, https:\/\/www.libri.de\/wp-content\/uploads\/2026\/08\/Fontane-Buchhandlung_1650x912px-1.png 1650w\" sizes=\"(max-width: 1024px) 100vw, 1024px\" \/>              <\/div>\r\n                        \r\n            \r\n          <\/div>\r\n\r\n          <div class=\"row\">\r\n\r\n                          <div class=\"col caption\">\r\n                Fontane-Buchhandlung: Belletristik und Krimis nach vorne, Zielk\u00e4ufe nach hinten &#8211; hier wird demn\u00e4chst viel ger\u00e4umt!              <\/div>\r\n                        \r\n            \r\n          <\/div>\r\n\r\n        <\/div>\r\n      <\/div>\r\n    <\/div>\r\n\r\n   \r\n  \r\n<\/div>\r\n\r\n\n\n\r\n<div id=\"text-block_90a35caaa0bd13a88dc4881cb82dd06f\" class=\"block-text module type-text bc-trans\">\r\n  <div class=\"container\">\r\n\r\n    \r\n      <div class=\"row \">\r\n\r\n        \r\n        <div class=\"col-12 col-md-9\">\r\n\r\n          \r\n          <div class=\"text for-box-js\">\r\n            <h5>7. August: Buchhandlung Terwelp in Cloppenburg<\/h5>\n<h3>Ein Konzept f\u00fcr Ziel- und Spontank\u00e4ufe<\/h3>\n<p>In Cloppenburg \u00fcbernimmt Christiane Terwelp mit der Buchhandlung ihres Vaters neben einem sch\u00f6nen B\u00fcchersortiment auch eine Auswahl hochwertiger Schreibwaren, Geschenk- und Dekoartikel. Diese m\u00f6glichst organisch in die Sortimentsabfolge zu integrieren ist aktuell die gro\u00dfe Herausforderung. Gleichzeitig soll der Buchumsatz erh\u00f6ht werden! F\u00fcr Christiane war es wichtig, zu kl\u00e4ren: Welche Themen interessieren welche Zielgruppen? Wie stellt man Sortimentsbereiche in einen r\u00e4umlichen Zusammenhang? Wie funktioniert das Zusammenspiel von B\u00fcchern und anderen Waren? Hier geht es einerseits um die appetitliche Pr\u00e4sentation \u2013 daf\u00fcr hat sie ein H\u00e4ndchen! \u2013 und zum anderen darum, Zielk\u00e4ufe und Spontank\u00e4ufe strategisch geschickt zu platzieren: Der Zielkauf bekommt ab sofort den weniger prominenten Platz im Laden!<\/p>\n          <\/div>\r\n\r\n                      <div class=\"cta\">\r\n              <a \r\n                class=\"bttn-secondary icn-redirect\" \r\n                href=\"https:\/\/terwelp.buchhandlung.de\/shop\/\" \r\n                target=\"_blank\"\r\n                >\r\n                Buchhandlung Terwelp              <\/a>\r\n            <\/div>\r\n          \r\n          \r\n        <\/div>\r\n        \r\n      <\/div>\r\n\r\n    \r\n  <\/div>\r\n<\/div>\r\n\r\n\n\n\r\n<div id=\"image-block_d03b5ab4b974a17fe69c1587525e66e4\" class=\"block-image module type-default bc-trans\">\r\n\r\n      <div class=\"container\">\r\n      <div class=\"row\">\r\n        <div class=\"col-12 col-md-9\">\r\n          \r\n          <div class=\"row\">\r\n\r\n                          <div class=\"col\">\r\n                <img decoding=\"async\" width=\"1024\" height=\"566\" src=\"https:\/\/www.libri.de\/wp-content\/uploads\/2026\/08\/Buchhandlung_Terwelp_1650x920px-1024x566.png\" class=\"attachment-large size-large\" alt=\"Buchhandlung Terwelp\" srcset=\"https:\/\/www.libri.de\/wp-content\/uploads\/2026\/08\/Buchhandlung_Terwelp_1650x920px-1024x566.png 1024w, https:\/\/www.libri.de\/wp-content\/uploads\/2026\/08\/Buchhandlung_Terwelp_1650x920px-300x166.png 300w, https:\/\/www.libri.de\/wp-content\/uploads\/2026\/08\/Buchhandlung_Terwelp_1650x920px-768x424.png 768w, https:\/\/www.libri.de\/wp-content\/uploads\/2026\/08\/Buchhandlung_Terwelp_1650x920px-1536x849.png 1536w, https:\/\/www.libri.de\/wp-content\/uploads\/2026\/08\/Buchhandlung_Terwelp_1650x920px.png 1650w\" sizes=\"(max-width: 1024px) 100vw, 1024px\" \/>              <\/div>\r\n                        \r\n            \r\n          <\/div>\r\n\r\n          <div class=\"row\">\r\n\r\n                          <div class=\"col caption\">\r\n                Buchhandlung Terwelp m\u00f6chte die verschiedenen Sortimente noch besser miteinander verbinden und ein inspirierendes Einkaufserlebnis schaffen.              <\/div>\r\n                        \r\n            \r\n          <\/div>\r\n\r\n        <\/div>\r\n      <\/div>\r\n    <\/div>\r\n\r\n   \r\n  \r\n<\/div>\r\n\r\n\n\n\r\n<div id=\"text-block_272c281c0ecbc7e2a5aacd0c70c67154\" class=\"block-text module type-text bc-trans\">\r\n  <div class=\"container\">\r\n\r\n    \r\n      <div class=\"row \">\r\n\r\n        \r\n        <div class=\"col-12 col-md-9\">\r\n\r\n          \r\n          <div class=\"text for-box-js\">\r\n            <h2>Ausblick: So geht es weiter.<\/h2>\n<p>Sechs Buchhandlungen mit ganz unterschiedlichen Herausforderungen und Ausgangslagen \u2013 die Woche war f\u00fcr alle Beteiligten spannend und bereichernd! Jetzt geht es in die hei\u00dfe Phase, denn schon im September soll f\u00fcr alle der Testlauf beginnen. Und danach werden wieder Zahlen analysiert:\u00a0Zeichnen sich erste Trends ab? Welche Ma\u00dfnahmen zeigen Wirkung? Wo l\u00e4sst sich noch optimieren?<\/p>\n<p>Das Ziel ist, mit einem neuen Fl\u00e4chenkonzept in die Vorweihnachtszeit zu starten.<\/p>\n          <\/div>\r\n\r\n          \r\n          \r\n        <\/div>\r\n        \r\n      <\/div>\r\n\r\n    \r\n  <\/div>\r\n<\/div>\r\n\r\n\n\n\r\n<div id=\"quote-block_651f58093287723e3c28f1f238c0102b\" class=\"block-quote type- bc-trans\">\r\n  <div class=\"container\">\r\n\r\n    \r\n\t\t<div class=\"d-flex flex-column flex-md-row align-items-md-center\">\r\n\r\n\t\t\t<div class=\"image size-small\">\r\n\t\t\t\t<img decoding=\"async\" width=\"300\" height=\"300\" src=\"https:\/\/www.libri.de\/wp-content\/uploads\/2024\/04\/1-300x300.png\" class=\"attachment-medium size-medium\" alt=\"Claudia Ordelmans - Libri GmbH\" srcset=\"https:\/\/www.libri.de\/wp-content\/uploads\/2024\/04\/1-300x300.png 300w, https:\/\/www.libri.de\/wp-content\/uploads\/2024\/04\/1-150x150.png 150w, https:\/\/www.libri.de\/wp-content\/uploads\/2024\/04\/1.png 640w\" sizes=\"(max-width: 300px) 100vw, 300px\" \/>\t\t\t<\/div>\r\n\r\n\t\t\t<div class=\"info\">\r\n\t\t\t\t<p class=\"quote\">Ich bin total gespannt auf die Erkenntnisse aus dem Testlauf und freue mich riesig auf unseren zweiten Workshop im Oktober. Wenn dann die Zahlen aus dem Weihnachtsgesch\u00e4ft vorliegen, wird es nochmal aufregend. F\u00fcr die n\u00e4chsten Wochen w\u00fcnsche ich allen ganz viel Energie bei der Umsetzung ihrer Konzepte!<\/p>\r\n\t\t\t\t\t\t\t\t\t<div class=\"p mb-0 author\">Claudia Ordelmans | Buchhandelsexpertin<\/div>\r\n\t\t\t\t\t\t\t\t<\/div>\r\n\r\n\t\t<\/div>\r\n\r\n  <\/div>\r\n<\/div>","protected":false},"excerpt":{"rendered":"<p>Claudia Ordelmans und Bennet Callies tourten quer durch die Republik, um die sechs Projektbuchhandlungen vor Ort zu besuchen. Hier gibt es erste Einblicke. <\/p>\n","protected":false},"author":5,"featured_media":93081,"comment_status":"open","ping_status":"open","sticky":false,"template":"","format":"standard","meta":{"_acf_changed":false,"footnotes":""},"categories":[4],"tags":[],"class_list":["post-93027","post","type-post","status-publish","format-standard","has-post-thumbnail","hentry","category-campus-erleben"],"acf":[],"yoast_head":"<!-- This site is optimized with the Yoast SEO plugin v28.2 - https:\/\/yoast.com\/product\/yoast-seo-wordpress\/ -->\n<title>Sommer-Update zur Campus-Projektgruppe | Libri GmbH<\/title>\n<meta name=\"description\" content=\"Sechs Buchhandlungen optimieren ihre Verkaufsfl\u00e4chen und werden dabei \u00fcber 12 Monate von Libri begleitet \u2013 Einblicke in das Tetris-Projekt.\" \/>\n<meta name=\"robots\" content=\"index, follow, max-snippet:-1, max-image-preview:large, max-video-preview:-1\" \/>\n<link rel=\"canonical\" href=\"https:\/\/www.libri.de\/de\/magazin\/sommer-update-zur-campus-projektgruppe\/\" \/>\n<meta property=\"og:locale\" content=\"de_DE\" \/>\n<meta property=\"og:type\" content=\"article\" \/>\n<meta property=\"og:title\" content=\"Sommer-Update zur Campus-Projektgruppe | Libri GmbH\" \/>\n<meta property=\"og:description\" content=\"Sechs Buchhandlungen optimieren ihre Verkaufsfl\u00e4chen und werden dabei \u00fcber 12 Monate von Libri begleitet \u2013 Einblicke in das Tetris-Projekt.\" \/>\n<meta property=\"og:url\" content=\"https:\/\/www.libri.de\/de\/magazin\/sommer-update-zur-campus-projektgruppe\/\" \/>\n<meta property=\"og:site_name\" content=\"Libri GmbH\" \/>\n<meta property=\"article:publisher\" content=\"https:\/\/www.facebook.com\/libribarsortiment\" \/>\n<meta property=\"article:published_time\" content=\"2026-09-04T06:56:28+00:00\" \/>\n<meta property=\"article:modified_time\" content=\"2026-09-04T06:56:29+00:00\" \/>\n<meta property=\"og:image\" content=\"https:\/\/www.libri.de\/wp-content\/uploads\/2026\/08\/Libri.Campus-Projektgruppe-2027-1792x768px2-1024x439.png\" \/>\n\t<meta property=\"og:image:width\" content=\"1024\" \/>\n\t<meta property=\"og:image:height\" content=\"439\" \/>\n\t<meta property=\"og:image:type\" content=\"image\/png\" \/>\n<meta name=\"author\" content=\"Caren Degen\" \/>\n<meta name=\"twitter:card\" content=\"summary_large_image\" \/>\n<meta name=\"twitter:label1\" content=\"Verfasst von\" \/>\n\t<meta name=\"twitter:data1\" content=\"Caren Degen\" \/>\n\t<meta name=\"twitter:label2\" content=\"Gesch\u00e4tzte Lesezeit\" \/>\n\t<meta name=\"twitter:data2\" content=\"1\u00a0Minute\" \/>\n<script type=\"application\/ld+json\" class=\"yoast-schema-graph\">{\"@context\":\"https:\\\/\\\/schema.org\",\"@graph\":[{\"@type\":\"Article\",\"@id\":\"https:\\\/\\\/www.libri.de\\\/de\\\/magazin\\\/sommer-update-zur-campus-projektgruppe\\\/#article\",\"isPartOf\":{\"@id\":\"https:\\\/\\\/www.libri.de\\\/de\\\/magazin\\\/sommer-update-zur-campus-projektgruppe\\\/\"},\"author\":{\"name\":\"Caren Degen\",\"@id\":\"https:\\\/\\\/www.libri.de\\\/fr\\\/#\\\/schema\\\/person\\\/092606e55e5712d41d97102d29c82aff\"},\"headline\":\"Sommer-Update zur Campus-Projektgruppe\",\"datePublished\":\"2026-09-04T06:56:28+00:00\",\"dateModified\":\"2026-09-04T06:56:29+00:00\",\"mainEntityOfPage\":{\"@id\":\"https:\\\/\\\/www.libri.de\\\/de\\\/magazin\\\/sommer-update-zur-campus-projektgruppe\\\/\"},\"wordCount\":3,\"commentCount\":0,\"publisher\":{\"@id\":\"https:\\\/\\\/www.libri.de\\\/fr\\\/#organization\"},\"image\":{\"@id\":\"https:\\\/\\\/www.libri.de\\\/de\\\/magazin\\\/sommer-update-zur-campus-projektgruppe\\\/#primaryimage\"},\"thumbnailUrl\":\"https:\\\/\\\/www.libri.de\\\/wp-content\\\/uploads\\\/2026\\\/08\\\/Libri.Campus-Projektgruppe-2027-1792x768px2.png\",\"articleSection\":[\"Campus erleben\"],\"inLanguage\":\"de\",\"potentialAction\":[{\"@type\":\"CommentAction\",\"name\":\"Comment\",\"target\":[\"https:\\\/\\\/www.libri.de\\\/de\\\/magazin\\\/sommer-update-zur-campus-projektgruppe\\\/#respond\"]}]},{\"@type\":\"WebPage\",\"@id\":\"https:\\\/\\\/www.libri.de\\\/de\\\/magazin\\\/sommer-update-zur-campus-projektgruppe\\\/\",\"url\":\"https:\\\/\\\/www.libri.de\\\/de\\\/magazin\\\/sommer-update-zur-campus-projektgruppe\\\/\",\"name\":\"Sommer-Update zur Campus-Projektgruppe | Libri GmbH\",\"isPartOf\":{\"@id\":\"https:\\\/\\\/www.libri.de\\\/fr\\\/#website\"},\"primaryImageOfPage\":{\"@id\":\"https:\\\/\\\/www.libri.de\\\/de\\\/magazin\\\/sommer-update-zur-campus-projektgruppe\\\/#primaryimage\"},\"image\":{\"@id\":\"https:\\\/\\\/www.libri.de\\\/de\\\/magazin\\\/sommer-update-zur-campus-projektgruppe\\\/#primaryimage\"},\"thumbnailUrl\":\"https:\\\/\\\/www.libri.de\\\/wp-content\\\/uploads\\\/2026\\\/08\\\/Libri.Campus-Projektgruppe-2027-1792x768px2.png\",\"datePublished\":\"2026-09-04T06:56:28+00:00\",\"dateModified\":\"2026-09-04T06:56:29+00:00\",\"description\":\"Sechs Buchhandlungen optimieren ihre Verkaufsfl\u00e4chen und werden dabei \u00fcber 12 Monate von Libri begleitet \u2013 Einblicke in das Tetris-Projekt.\",\"breadcrumb\":{\"@id\":\"https:\\\/\\\/www.libri.de\\\/de\\\/magazin\\\/sommer-update-zur-campus-projektgruppe\\\/#breadcrumb\"},\"inLanguage\":\"de\",\"potentialAction\":[{\"@type\":\"ReadAction\",\"target\":[\"https:\\\/\\\/www.libri.de\\\/de\\\/magazin\\\/sommer-update-zur-campus-projektgruppe\\\/\"]}]},{\"@type\":\"ImageObject\",\"inLanguage\":\"de\",\"@id\":\"https:\\\/\\\/www.libri.de\\\/de\\\/magazin\\\/sommer-update-zur-campus-projektgruppe\\\/#primaryimage\",\"url\":\"https:\\\/\\\/www.libri.de\\\/wp-content\\\/uploads\\\/2026\\\/08\\\/Libri.Campus-Projektgruppe-2027-1792x768px2.png\",\"contentUrl\":\"https:\\\/\\\/www.libri.de\\\/wp-content\\\/uploads\\\/2026\\\/08\\\/Libri.Campus-Projektgruppe-2027-1792x768px2.png\",\"width\":1792,\"height\":768},{\"@type\":\"BreadcrumbList\",\"@id\":\"https:\\\/\\\/www.libri.de\\\/de\\\/magazin\\\/sommer-update-zur-campus-projektgruppe\\\/#breadcrumb\",\"itemListElement\":[{\"@type\":\"ListItem\",\"position\":1,\"name\":\"Start\",\"item\":\"https:\\\/\\\/www.libri.de\\\/de\\\/\"},{\"@type\":\"ListItem\",\"position\":2,\"name\":\"Sommer-Update zur Campus-Projektgruppe\"}]},{\"@type\":\"WebSite\",\"@id\":\"https:\\\/\\\/www.libri.de\\\/fr\\\/#website\",\"url\":\"https:\\\/\\\/www.libri.de\\\/fr\\\/\",\"name\":\"Libri GmbH\",\"description\":\"Barsortiment und Gro\u00dfhandel f\u00fcr B\u00fccher und andere Medien\",\"publisher\":{\"@id\":\"https:\\\/\\\/www.libri.de\\\/fr\\\/#organization\"},\"potentialAction\":[{\"@type\":\"SearchAction\",\"target\":{\"@type\":\"EntryPoint\",\"urlTemplate\":\"https:\\\/\\\/www.libri.de\\\/fr\\\/?s={search_term_string}\"},\"query-input\":{\"@type\":\"PropertyValueSpecification\",\"valueRequired\":true,\"valueName\":\"search_term_string\"}}],\"inLanguage\":\"de\"},{\"@type\":\"Organization\",\"@id\":\"https:\\\/\\\/www.libri.de\\\/fr\\\/#organization\",\"name\":\"Libri\",\"url\":\"https:\\\/\\\/www.libri.de\\\/fr\\\/\",\"logo\":{\"@type\":\"ImageObject\",\"inLanguage\":\"de\",\"@id\":\"https:\\\/\\\/www.libri.de\\\/fr\\\/#\\\/schema\\\/logo\\\/image\\\/\",\"url\":\"https:\\\/\\\/188.64.195.32\\\/wp-content\\\/uploads\\\/2022\\\/04\\\/libri_logo-1.jpg\",\"contentUrl\":\"https:\\\/\\\/188.64.195.32\\\/wp-content\\\/uploads\\\/2022\\\/04\\\/libri_logo-1.jpg\",\"width\":2000,\"height\":1000,\"caption\":\"Libri\"},\"image\":{\"@id\":\"https:\\\/\\\/www.libri.de\\\/fr\\\/#\\\/schema\\\/logo\\\/image\\\/\"},\"sameAs\":[\"https:\\\/\\\/www.facebook.com\\\/libribarsortiment\",\"https:\\\/\\\/www.instagram.com\\\/libri.barsortiment\",\"https:\\\/\\\/www.linkedin.com\\\/company\\\/libri-gmbh\"]},{\"@type\":\"Person\",\"@id\":\"https:\\\/\\\/www.libri.de\\\/fr\\\/#\\\/schema\\\/person\\\/092606e55e5712d41d97102d29c82aff\",\"name\":\"Caren Degen\",\"image\":{\"@type\":\"ImageObject\",\"inLanguage\":\"de\",\"@id\":\"https:\\\/\\\/secure.gravatar.com\\\/avatar\\\/3a5a9acc5056d3c2ebaf4b035f773ba9499fdc987bd966d07f9e7a1001a2fb5f?s=96&d=mm&r=g\",\"url\":\"https:\\\/\\\/secure.gravatar.com\\\/avatar\\\/3a5a9acc5056d3c2ebaf4b035f773ba9499fdc987bd966d07f9e7a1001a2fb5f?s=96&d=mm&r=g\",\"contentUrl\":\"https:\\\/\\\/secure.gravatar.com\\\/avatar\\\/3a5a9acc5056d3c2ebaf4b035f773ba9499fdc987bd966d07f9e7a1001a2fb5f?s=96&d=mm&r=g\",\"caption\":\"Caren Degen\"}}]}<\/script>\n<!-- \/ Yoast SEO plugin. -->","yoast_head_json":{"title":"Sommer-Update zur Campus-Projektgruppe | Libri GmbH","description":"Sechs Buchhandlungen optimieren ihre Verkaufsfl\u00e4chen und werden dabei \u00fcber 12 Monate von Libri begleitet \u2013 Einblicke in das Tetris-Projekt.","robots":{"index":"index","follow":"follow","max-snippet":"max-snippet:-1","max-image-preview":"max-image-preview:large","max-video-preview":"max-video-preview:-1"},"canonical":"https:\/\/www.libri.de\/de\/magazin\/sommer-update-zur-campus-projektgruppe\/","og_locale":"de_DE","og_type":"article","og_title":"Sommer-Update zur Campus-Projektgruppe | Libri GmbH","og_description":"Sechs Buchhandlungen optimieren ihre Verkaufsfl\u00e4chen und werden dabei \u00fcber 12 Monate von Libri begleitet \u2013 Einblicke in das Tetris-Projekt.","og_url":"https:\/\/www.libri.de\/de\/magazin\/sommer-update-zur-campus-projektgruppe\/","og_site_name":"Libri GmbH","article_publisher":"https:\/\/www.facebook.com\/libribarsortiment","article_published_time":"2026-09-04T06:56:28+00:00","article_modified_time":"2026-09-04T06:56:29+00:00","og_image":[{"width":1024,"height":439,"url":"https:\/\/www.libri.de\/wp-content\/uploads\/2026\/08\/Libri.Campus-Projektgruppe-2027-1792x768px2-1024x439.png","type":"image\/png"}],"author":"Caren Degen","twitter_card":"summary_large_image","twitter_misc":{"Verfasst von":"Caren Degen","Gesch\u00e4tzte Lesezeit":"1\u00a0Minute"},"schema":{"@context":"https:\/\/schema.org","@graph":[{"@type":"Article","@id":"https:\/\/www.libri.de\/de\/magazin\/sommer-update-zur-campus-projektgruppe\/#article","isPartOf":{"@id":"https:\/\/www.libri.de\/de\/magazin\/sommer-update-zur-campus-projektgruppe\/"},"author":{"name":"Caren Degen","@id":"https:\/\/www.libri.de\/fr\/#\/schema\/person\/092606e55e5712d41d97102d29c82aff"},"headline":"Sommer-Update zur Campus-Projektgruppe","datePublished":"2026-09-04T06:56:28+00:00","dateModified":"2026-09-04T06:56:29+00:00","mainEntityOfPage":{"@id":"https:\/\/www.libri.de\/de\/magazin\/sommer-update-zur-campus-projektgruppe\/"},"wordCount":3,"commentCount":0,"publisher":{"@id":"https:\/\/www.libri.de\/fr\/#organization"},"image":{"@id":"https:\/\/www.libri.de\/de\/magazin\/sommer-update-zur-campus-projektgruppe\/#primaryimage"},"thumbnailUrl":"https:\/\/www.libri.de\/wp-content\/uploads\/2026\/08\/Libri.Campus-Projektgruppe-2027-1792x768px2.png","articleSection":["Campus erleben"],"inLanguage":"de","potentialAction":[{"@type":"CommentAction","name":"Comment","target":["https:\/\/www.libri.de\/de\/magazin\/sommer-update-zur-campus-projektgruppe\/#respond"]}]},{"@type":"WebPage","@id":"https:\/\/www.libri.de\/de\/magazin\/sommer-update-zur-campus-projektgruppe\/","url":"https:\/\/www.libri.de\/de\/magazin\/sommer-update-zur-campus-projektgruppe\/","name":"Sommer-Update zur Campus-Projektgruppe | Libri GmbH","isPartOf":{"@id":"https:\/\/www.libri.de\/fr\/#website"},"primaryImageOfPage":{"@id":"https:\/\/www.libri.de\/de\/magazin\/sommer-update-zur-campus-projektgruppe\/#primaryimage"},"image":{"@id":"https:\/\/www.libri.de\/de\/magazin\/sommer-update-zur-campus-projektgruppe\/#primaryimage"},"thumbnailUrl":"https:\/\/www.libri.de\/wp-content\/uploads\/2026\/08\/Libri.Campus-Projektgruppe-2027-1792x768px2.png","datePublished":"2026-09-04T06:56:28+00:00","dateModified":"2026-09-04T06:56:29+00:00","description":"Sechs Buchhandlungen optimieren ihre Verkaufsfl\u00e4chen und werden dabei \u00fcber 12 Monate von Libri begleitet \u2013 Einblicke in das Tetris-Projekt.","breadcrumb":{"@id":"https:\/\/www.libri.de\/de\/magazin\/sommer-update-zur-campus-projektgruppe\/#breadcrumb"},"inLanguage":"de","potentialAction":[{"@type":"ReadAction","target":["https:\/\/www.libri.de\/de\/magazin\/sommer-update-zur-campus-projektgruppe\/"]}]},{"@type":"ImageObject","inLanguage":"de","@id":"https:\/\/www.libri.de\/de\/magazin\/sommer-update-zur-campus-projektgruppe\/#primaryimage","url":"https:\/\/www.libri.de\/wp-content\/uploads\/2026\/08\/Libri.Campus-Projektgruppe-2027-1792x768px2.png","contentUrl":"https:\/\/www.libri.de\/wp-content\/uploads\/2026\/08\/Libri.Campus-Projektgruppe-2027-1792x768px2.png","width":1792,"height":768},{"@type":"BreadcrumbList","@id":"https:\/\/www.libri.de\/de\/magazin\/sommer-update-zur-campus-projektgruppe\/#breadcrumb","itemListElement":[{"@type":"ListItem","position":1,"name":"Start","item":"https:\/\/www.libri.de\/de\/"},{"@type":"ListItem","position":2,"name":"Sommer-Update zur Campus-Projektgruppe"}]},{"@type":"WebSite","@id":"https:\/\/www.libri.de\/fr\/#website","url":"https:\/\/www.libri.de\/fr\/","name":"Libri GmbH","description":"Barsortiment und Gro\u00dfhandel f\u00fcr B\u00fccher und andere Medien","publisher":{"@id":"https:\/\/www.libri.de\/fr\/#organization"},"potentialAction":[{"@type":"SearchAction","target":{"@type":"EntryPoint","urlTemplate":"https:\/\/www.libri.de\/fr\/?s={search_term_string}"},"query-input":{"@type":"PropertyValueSpecification","valueRequired":true,"valueName":"search_term_string"}}],"inLanguage":"de"},{"@type":"Organization","@id":"https:\/\/www.libri.de\/fr\/#organization","name":"Libri","url":"https:\/\/www.libri.de\/fr\/","logo":{"@type":"ImageObject","inLanguage":"de","@id":"https:\/\/www.libri.de\/fr\/#\/schema\/logo\/image\/","url":"https:\/\/188.64.195.32\/wp-content\/uploads\/2022\/04\/libri_logo-1.jpg","contentUrl":"https:\/\/188.64.195.32\/wp-content\/uploads\/2022\/04\/libri_logo-1.jpg","width":2000,"height":1000,"caption":"Libri"},"image":{"@id":"https:\/\/www.libri.de\/fr\/#\/schema\/logo\/image\/"},"sameAs":["https:\/\/www.facebook.com\/libribarsortiment","https:\/\/www.instagram.com\/libri.barsortiment","https:\/\/www.linkedin.com\/company\/libri-gmbh"]},{"@type":"Person","@id":"https:\/\/www.libri.de\/fr\/#\/schema\/person\/092606e55e5712d41d97102d29c82aff","name":"Caren Degen","image":{"@type":"ImageObject","inLanguage":"de","@id":"https:\/\/secure.gravatar.com\/avatar\/3a5a9acc5056d3c2ebaf4b035f773ba9499fdc987bd966d07f9e7a1001a2fb5f?s=96&d=mm&r=g","url":"https:\/\/secure.gravatar.com\/avatar\/3a5a9acc5056d3c2ebaf4b035f773ba9499fdc987bd966d07f9e7a1001a2fb5f?s=96&d=mm&r=g","contentUrl":"https:\/\/secure.gravatar.com\/avatar\/3a5a9acc5056d3c2ebaf4b035f773ba9499fdc987bd966d07f9e7a1001a2fb5f?s=96&d=mm&r=g","caption":"Caren Degen"}}]}},"_links":{"self":[{"href":"https:\/\/www.libri.de\/de\/wp-json\/wp\/v2\/posts\/93027","targetHints":{"allow":["GET"]}}],"collection":[{"href":"https:\/\/www.libri.de\/de\/wp-json\/wp\/v2\/posts"}],"about":[{"href":"https:\/\/www.libri.de\/de\/wp-json\/wp\/v2\/types\/post"}],"author":[{"embeddable":true,"href":"https:\/\/www.libri.de\/de\/wp-json\/wp\/v2\/users\/5"}],"replies":[{"embeddable":true,"href":"https:\/\/www.libri.de\/de\/wp-json\/wp\/v2\/comments?post=93027"}],"version-history":[{"count":2,"href":"https:\/\/www.libri.de\/de\/wp-json\/wp\/v2\/posts\/93027\/revisions"}],"predecessor-version":[{"id":93598,"href":"https:\/\/www.libri.de\/de\/wp-json\/wp\/v2\/posts\/93027\/revisions\/93598"}],"wp:featuredmedia":[{"embeddable":true,"href":"https:\/\/www.libri.de\/de\/wp-json\/wp\/v2\/media\/93081"}],"wp:attachment":[{"href":"https:\/\/www.libri.de\/de\/wp-json\/wp\/v2\/media?parent=93027"}],"wp:term":[{"taxonomy":"category","embeddable":true,"href":"https:\/\/www.libri.de\/de\/wp-json\/wp\/v2\/categories?post=93027"},{"taxonomy":"post_tag","embeddable":true,"href":"https:\/\/www.libri.de\/de\/wp-json\/wp\/v2\/tags?post=93027"}],"curies":[{"name":"wp","href":"https:\/\/api.w.org\/{rel}","templated":true}]}}