{"id":70861,"date":"2024-08-26T10:34:59","date_gmt":"2024-08-26T08:34:59","guid":{"rendered":"https:\/\/www.libri.de\/?p=70861"},"modified":"2025-08-11T10:59:04","modified_gmt":"2025-08-11T08:59:04","slug":"so-gelingt-die-filialisierung","status":"publish","type":"post","link":"https:\/\/www.libri.de\/de\/magazin\/so-gelingt-die-filialisierung\/","title":{"rendered":"Aus eins mach zwei"},"content":{"rendered":"\r\n<div id=\"text-block_a144f796242275b408cec28c93b9f283\" class=\"block-text module type-text bc-trans\">\r\n  <div class=\"container\">\r\n\r\n    \r\n      <div class=\"row \">\r\n\r\n        \r\n        <div class=\"col-12 col-md-9\">\r\n\r\n          \r\n          <div class=\"text for-box-js\">\r\n            <h3>Hallo Anna, du hast 2023 zu deiner ersten Buchhandlung \u201eBergen erlesen\u201c eine zweite Buchhandlung \u00fcbernommen: \u201eSachsenhausen erlesen\u201c. Warum schien dir damals dieser Schritt &#8211; die Filialisierung\u00a0 &#8211; die richtige Entscheidung zu sein?<\/h3>\n<p>In Bergen lief es nach 8 Jahren relativ stabil und durch meine Schwangerschaft, den Mutterschutz im Jahr 2020 hatte sich ein gutes Team entwickelt und ich durfte lernen, dass die Buchhandlung auch eine Zeit lang gut ohne mich agieren kann. Als ich dann im Sommer 2022 h\u00f6rt, dass die Buchhandlung Meichsner &amp; Dennerlein eine Nachfolge sucht, bin ich ins Gr\u00fcbeln gekommen.<\/p>\n<h3>\u201eSachsenhausen erlesen\u201c hie\u00df vorher 40 Jahre lang \u201eMeichsner &amp; Dennerlein\u201c \u2013 wie hattest du davon erfahren, dass hier ein*e Nachfolger*in gesucht wird?<\/h3>\n<p>Tats\u00e4chlich \u00fcber meinen Libri-Kundenberater Ronald Voigt.<\/p>\n<h3>Wie lange hat es dann gedauert &#8211; von der Idee zur Entscheidung und schlie\u00dflich zur Neuer\u00f6ffnung?<\/h3>\n<p>Zum ersten Mal habe ich die Buchhandlung im Juni 2022 angeschaut. Dann hie\u00df es zun\u00e4chst, dass schon eine K\u00e4uferin gefunden wurde und im September rief mich Herr Dennerlein an und fragt, ob noch Interesse besteht. Also ging die eigentliche Planung und Entscheidung von September bis zur Er\u00f6ffnung im Januar 2023.<\/p>\n<h3>Vielleicht kannst du uns, soweit du das willst, einen kleinen Einblick geben, wie es mit der Finanzierung aussah? Wie hast du diese gestemmt?<\/h3>\n<p>Bergen erlesen habe ich 2016 mit der KfW finanziert (Kredit). Die zweite Buchhandlung wurde von mir durch ein privates Darlehen finanziert.<\/p>\n          <\/div>\r\n\r\n          \r\n          \r\n        <\/div>\r\n        \r\n      <\/div>\r\n\r\n    \r\n  <\/div>\r\n<\/div>\r\n\r\n\n\n\r\n<div id=\"box-block_67d0fa8e8c2cc836f6055c857f56be7d\" class=\"block-box type-info\">\r\n\r\n  <div class=\"container\">\r\n    <div class=\"box-teaser\">\r\n      <div class=\"icon icon-info\"><\/div>\r\n      <div class=\"text\">\r\n        <p>Am 1. Oktober 2024 findet unsere Veranstaltung &#8222;Aus eins mach zwei&#8220; statt.<\/p>\n<p>Der B\u00f6rsenverein und Libri machen damit auf Chancen und Synergien aufmerksam, die sich f\u00fcr Solo-Buchhandlungen durch die \u00dcbernahme einer weiteren Buchhandlung ergeben.<\/p>\n      <\/div>\r\n              <div>\r\n          <a href=\"https:\/\/www.libri.de\/de\/veranstaltungen\/aus-eins-mach-zwei\/\" class=\"link\" target=\"_blank\" >\r\n            <span class=\"title\">Jetzt anmelden!<\/span><span class=\"after\"> ><\/span>\r\n          <\/a>\r\n        <\/div>\r\n          <\/div>\r\n  <\/div>\r\n<\/div>\r\n\r\n\n\n\r\n<div id=\"text-block_75c58dc515c3e627002f3c40dbf61b82\" class=\"block-text module type-text bc-trans\">\r\n  <div class=\"container\">\r\n\r\n    \r\n      <div class=\"row \">\r\n\r\n        \r\n        <div class=\"col-12 col-md-9\">\r\n\r\n          \r\n          <div class=\"text for-box-js\">\r\n            <h3>Woher hast du Unterst\u00fctzung erhalten? Sowohl fachlich als auch menschlich \u2013 also privat oder in der Branche?<\/h3>\n<p>Ich hatte ein gutes und detailliertes Gespr\u00e4ch mit der Beraterin Gudula Buzmann \u00fcber die Kennzahlen und Chancen. Ich kenne Frau Buzmann seit 2016 durch meine Teilnahme an ihrer Erfa (Erfahrungsaustauschgruppe). Das hat mir sehr geholfen. Ansonsten war und ist meine Familie immer Gespr\u00e4chspartner und Ratgeber. Ohne den R\u00fcckhalt, w\u00e4re so ein Projekt f\u00fcr mich nicht zu stemmen gewesen.<br \/>\nAber auch in der Branche hatte ich sehr gute Gespr\u00e4che mit Kundenberater*innen, Kolleg*innen und Verlagsvertreter*innen, die mich ermutigt haben \u2013 ganz konkret gab es auch von einigen Verlagen\u00a0 \u201eWillkommens-Konditionen\u201c f\u00fcr die Sommerreise 2023.<\/p>\n<h3>Was war deine gr\u00f6\u00dfte Herausforderung und was war vielleicht leichter als gedacht? Und bei welchen Aspekten haben die Erfahrungen, die du bereits bei der ersten Buchhandlung gemacht hast vielleicht auch geholfen?<\/h3>\n<p>Die gr\u00f6\u00dfte Herausforderung war und ist das Personal. Ich hatte vorher vor allem Aushilfen und stand nat\u00fcrlich viel selbst im Laden. Auf einmal hatte ich 7 Angestellte (4 feste und 3 Aushilfen) und das Dienstplanschreiben war eine riesige Herausforderung.<br \/>\nWas gut gelaufen ist: der ganze \u00dcbergabe-Prozess. Es waren wirklich sehr gute Gespr\u00e4che vor und w\u00e4hrend des \u00dcbergangs. Das lag nat\u00fcrlich auch an den beiden Vorbesitzern. Und durch die Einsch\u00e4tzung von Frau Buzmann konnte ich auch in Bezug auf den Kaufpreis sicher auftreten.<\/p>\n<h3>Wie war es, ein neues Team und damit auch gewachsenen Strukturen zu \u00fcbernehmen? Und was hat sich dabei ge\u00e4ndert und was wurde ganz bewusst bewahrt. Warum zum Beispiel die Entscheidung der Umbenennung der Buchhandlung?<\/h3>\n<p>Ich h\u00e4tte mich nicht wohlgef\u00fchlt, unter dem Namen Meichsner &amp; Dennerlein weiter zu machen. Ich glaube, dass man damit nur verlieren kann. Es ist ein schmaler Grad zwischen etwas neu machen und eine eigene Marke gr\u00fcnden und die Kund*innen nicht zu verschrecken und Bew\u00e4hrtes zu \u00fcbernehmen. Au\u00dferdem wollte ich auch eine Zusammengeh\u00f6rigkeit mit dem ersten Laden, mit \u201eBergen erlesen\u201c, schaffen. Und das ist durch die \u00c4hnlichkeit im Namen und im Logo gut gelungen.<br \/>\nBei der Ladenraumgestaltung und dem Programm haben wir nur kleine \u00c4nderungen vorgenommen. Insgesamt bekommen wir die R\u00fcckmeldung, dass das gut gelungen ist.<\/p>\n          <\/div>\r\n\r\n          \r\n          \r\n        <\/div>\r\n        \r\n      <\/div>\r\n\r\n    \r\n  <\/div>\r\n<\/div>\r\n\r\n\n\n\r\n<div id=\"image-block_c38dd4ec25fc90aa6a28a45574da890a\" class=\"block-image module type-default bc-trans\">\r\n\r\n      <div class=\"container\">\r\n      <div class=\"row\">\r\n        <div class=\"col-12 col-md-9\">\r\n          \r\n          <div class=\"row\">\r\n\r\n                          <div class=\"col\">\r\n                <img decoding=\"async\" width=\"1024\" height=\"684\" src=\"https:\/\/www.libri.de\/wp-content\/uploads\/2024\/08\/Design-ohne-Titel-6-1-1024x684.png\" class=\"attachment-large size-large\" alt=\"\" srcset=\"https:\/\/www.libri.de\/wp-content\/uploads\/2024\/08\/Design-ohne-Titel-6-1-1024x684.png 1024w, https:\/\/www.libri.de\/wp-content\/uploads\/2024\/08\/Design-ohne-Titel-6-1-300x200.png 300w, https:\/\/www.libri.de\/wp-content\/uploads\/2024\/08\/Design-ohne-Titel-6-1-768x513.png 768w, https:\/\/www.libri.de\/wp-content\/uploads\/2024\/08\/Design-ohne-Titel-6-1-1536x1025.png 1536w, https:\/\/www.libri.de\/wp-content\/uploads\/2024\/08\/Design-ohne-Titel-6-1-2048x1367.png 2048w\" sizes=\"(max-width: 1024px) 100vw, 1024px\" \/>              <\/div>\r\n                        \r\n                          <div class=\"col-6\">\r\n                <img decoding=\"async\" width=\"1024\" height=\"684\" src=\"https:\/\/www.libri.de\/wp-content\/uploads\/2024\/08\/Charlotte-Schreiber-1024x684.png\" class=\"attachment-large size-large\" alt=\"Die Buchhandlung &quot;Bergen erlesen&quot;\" srcset=\"https:\/\/www.libri.de\/wp-content\/uploads\/2024\/08\/Charlotte-Schreiber-1024x684.png 1024w, https:\/\/www.libri.de\/wp-content\/uploads\/2024\/08\/Charlotte-Schreiber-300x200.png 300w, https:\/\/www.libri.de\/wp-content\/uploads\/2024\/08\/Charlotte-Schreiber-768x513.png 768w, https:\/\/www.libri.de\/wp-content\/uploads\/2024\/08\/Charlotte-Schreiber-1536x1025.png 1536w, https:\/\/www.libri.de\/wp-content\/uploads\/2024\/08\/Charlotte-Schreiber-2048x1367.png 2048w\" sizes=\"(max-width: 1024px) 100vw, 1024px\" \/>              <\/div>\r\n            \r\n          <\/div>\r\n\r\n          <div class=\"row\">\r\n\r\n                          <div class=\"col caption\">\r\n                Sachsenhausen erlesen               <\/div>\r\n                        \r\n                          <div class=\"col-6 caption\">\r\n                Bergen erlesen              <\/div>\r\n            \r\n          <\/div>\r\n\r\n        <\/div>\r\n      <\/div>\r\n    <\/div>\r\n\r\n   \r\n  \r\n<\/div>\r\n\r\n\n\n\r\n<div id=\"text-block_1c8cb5d84f63f50860fc54a628544318\" class=\"block-text module type-text bc-trans\">\r\n  <div class=\"container\">\r\n\r\n    \r\n      <div class=\"row \">\r\n\r\n        \r\n        <div class=\"col-12 col-md-9\">\r\n\r\n          \r\n          <div class=\"text for-box-js\">\r\n            <h3>Sehen sich die Teams der beiden Buchhandlung heute als eine Truppe?<\/h3>\n<p>Durch die r\u00e4umlich sehr gro\u00dfe Trennung und dadurch, dass es eigentlich kaum \u00dcberschneidungen in den Einsatzgebieten gibt, nicht so sehr. Aber es entstehen doch immer Synergien: Buchtipps, gemeinsamer Einkauf von Nonbooks und Verbauchsartikeln, gemeinsamer Empfehlungsflyer, Expertise in den unterschiedlichsten Themengebieten&#8230;<\/p>\n<h3>Bedeuten zwei Buchhandlungen doppelt so viel Arbeit oder lassen sich Dinge \u00fcbertragen \u2013 verdoppelt sich an manchen Stellen also im Gegenteil nur der Output?<\/h3>\n<p>Es ist doch erheblich mehr Arbeit. Das muss ich schon zugeben. In meiner Situation kommt allerdings auch noch mein 4-J\u00e4hriger Sohn dazu, der den Zeitplan immer mal wieder durcheinanderwirbelt. Aber vor allem die Buchhaltung, Personalplanung etc. ist schon die doppelte Arbeit. Das sch\u00f6ne an einem gro\u00dfen Team ist aber, dass jede Mitarbeiterin ganz anders liest und sich f\u00fcr andere Themen interessierte. Da entsteht ein gro\u00dfer Ideenpool. Das genie\u00dfe ich sehr.<\/p>\n<h3>Wenn du heute auf deine Entscheidung von 2022 zur\u00fcckblickst, wie sieht deine Bilanz aus?<\/h3>\n<p>Unterm Strich: positiv. Es gibt immer mal wieder kleine Tiefs, aber die haben vor allem mit der gesamten Marktentwicklung und dem gestiegenen Kostendruck zu tun.<\/p>\n<h3>Was w\u00fcrdest du mit den heutigen Erfahrungen Inhaber*innen von Buchhandlungen raten, die ebenfalls \u00fcber eine Filialisierung nachdenken?<\/h3>\n<p>Ein gutes Team ist Gold wert! Ganz ehrlich mit Unternehmensberater*innen sprechen und rechnen. Unterm Strich muss es sich ja auch finanziell lohnen. Und auf jeden Fall auch Steuerberater*innen mit einbeziehen.<\/p>\n          <\/div>\r\n\r\n          \r\n          \r\n        <\/div>\r\n        \r\n      <\/div>\r\n\r\n    \r\n  <\/div>\r\n<\/div>\r\n\r\n\n\n\r\n<div id=\"expert-block_843eeb60f8e1407f80bc7c163e824111\" class=\"block-expert bc-trans\">\r\n  <div class=\"container\">\r\n    <div class=\"row\">\r\n\r\n      <div class=\"col-6 col-md-3\">\r\n        <div class=\"image\">\r\n          <img decoding=\"async\" width=\"300\" height=\"300\" src=\"https:\/\/www.libri.de\/wp-content\/uploads\/2024\/08\/Grafik_Format-800x800_Magazin-NL-6-300x300.jpg\" class=\"attachment-medium size-medium\" alt=\"\" srcset=\"https:\/\/www.libri.de\/wp-content\/uploads\/2024\/08\/Grafik_Format-800x800_Magazin-NL-6-300x300.jpg 300w, https:\/\/www.libri.de\/wp-content\/uploads\/2024\/08\/Grafik_Format-800x800_Magazin-NL-6-150x150.jpg 150w, https:\/\/www.libri.de\/wp-content\/uploads\/2024\/08\/Grafik_Format-800x800_Magazin-NL-6-768x768.jpg 768w, https:\/\/www.libri.de\/wp-content\/uploads\/2024\/08\/Grafik_Format-800x800_Magazin-NL-6.jpg 800w\" sizes=\"(max-width: 300px) 100vw, 300px\" \/>        <\/div>\r\n      <\/div>\r\n\r\n      <div class=\"col-12 col-md-7\">\r\n        <div class=\"info\">\r\n\r\n                      <h4 class=\"expert-name\">\r\n              Anna Doepfner            <\/h4>\r\n          \r\n                      <p class=\"expert-title\">\r\n              Inhaberin &#8222;Bergen erlesen&#8220; und &#8222;Sachsenhausen erlesen&#8220;            <\/p>\r\n          \r\n                                    <div class=\"expert-text wysiwyg\">\r\n                <p><a href=\"https:\/\/bergenerlesen.buchhandlung.de\/shop\/\">Zur Website der beiden Buchhandlungen\u00a0<\/a><\/p>\n              <\/div>\r\n                      \r\n        <\/div>\r\n      <\/div>\r\n\r\n    <\/div>\r\n  <\/div>\r\n<\/div>\r\n\r\n","protected":false},"excerpt":{"rendered":"<p>Anna Doepfner hat 2023 eine zweite Buchhandlung \u00fcbernommen. Hier im Interview berichtet sie, wie eine Filialisierung erfolgreich gelingt.<\/p>\n","protected":false},"author":10,"featured_media":71034,"comment_status":"open","ping_status":"open","sticky":false,"template":"","format":"standard","meta":{"_acf_changed":false,"footnotes":""},"categories":[4],"tags":[29,80,138],"class_list":["post-70861","post","type-post","status-publish","format-standard","has-post-thumbnail","hentry","category-campus-erleben","tag-buchhandel-allgemein","tag-buchhandlungen","tag-gruendung_nachfolge"],"acf":[],"yoast_head":"<!-- This site is optimized with the Yoast SEO plugin v27.0 - https:\/\/yoast.com\/product\/yoast-seo-wordpress\/ -->\n<title>Aus eins mach zwei | Libri GmbH<\/title>\n<meta name=\"description\" content=\"Anna Doepfner hat 2023 eine zweite Buchhandlung \u00fcbernommen. Hier im Interview berichtet sie, wie eine Filialisierung erfolgreich gelingt.\" \/>\n<meta name=\"robots\" content=\"index, follow, max-snippet:-1, max-image-preview:large, max-video-preview:-1\" \/>\n<link rel=\"canonical\" href=\"https:\/\/www.libri.de\/de\/magazin\/so-gelingt-die-filialisierung\/\" \/>\n<meta property=\"og:locale\" content=\"de_DE\" \/>\n<meta property=\"og:type\" content=\"article\" \/>\n<meta property=\"og:title\" content=\"Aus eins mach zwei | Libri GmbH\" \/>\n<meta property=\"og:description\" content=\"Anna Doepfner hat 2023 eine zweite Buchhandlung \u00fcbernommen. Hier im Interview berichtet sie, wie eine Filialisierung erfolgreich gelingt.\" \/>\n<meta property=\"og:url\" content=\"https:\/\/www.libri.de\/de\/magazin\/so-gelingt-die-filialisierung\/\" \/>\n<meta property=\"og:site_name\" content=\"Libri GmbH\" \/>\n<meta property=\"article:publisher\" content=\"https:\/\/www.facebook.com\/libribarsortiment\" \/>\n<meta property=\"article:published_time\" content=\"2024-08-26T08:34:59+00:00\" \/>\n<meta property=\"article:modified_time\" content=\"2025-08-11T08:59:04+00:00\" \/>\n<meta property=\"og:image\" content=\"https:\/\/www.libri.de\/wp-content\/uploads\/2024\/08\/Kopie-von-Header-Blog-Libri.Magazin-76.jpg\" \/>\n\t<meta property=\"og:image:width\" content=\"1988\" \/>\n\t<meta property=\"og:image:height\" content=\"940\" \/>\n\t<meta property=\"og:image:type\" content=\"image\/jpeg\" \/>\n<meta name=\"author\" content=\"admin\" \/>\n<meta name=\"twitter:card\" content=\"summary_large_image\" \/>\n<meta name=\"twitter:label1\" content=\"Verfasst von\" \/>\n\t<meta name=\"twitter:data1\" content=\"admin\" \/>\n\t<meta name=\"twitter:label2\" content=\"Gesch\u00e4tzte Lesezeit\" \/>\n\t<meta name=\"twitter:data2\" content=\"1\u00a0Minute\" \/>\n<script type=\"application\/ld+json\" class=\"yoast-schema-graph\">{\"@context\":\"https:\/\/schema.org\",\"@graph\":[{\"@type\":\"Article\",\"@id\":\"https:\/\/www.libri.de\/de\/magazin\/so-gelingt-die-filialisierung\/#article\",\"isPartOf\":{\"@id\":\"https:\/\/www.libri.de\/de\/magazin\/so-gelingt-die-filialisierung\/\"},\"author\":{\"name\":\"admin\",\"@id\":\"https:\/\/www.libri.de\/fr\/#\/schema\/person\/e63eeac12b53ae48de92e0a3f656f40f\"},\"headline\":\"Aus eins mach zwei\",\"datePublished\":\"2024-08-26T08:34:59+00:00\",\"dateModified\":\"2025-08-11T08:59:04+00:00\",\"mainEntityOfPage\":{\"@id\":\"https:\/\/www.libri.de\/de\/magazin\/so-gelingt-die-filialisierung\/\"},\"wordCount\":4,\"commentCount\":0,\"publisher\":{\"@id\":\"https:\/\/www.libri.de\/fr\/#organization\"},\"image\":{\"@id\":\"https:\/\/www.libri.de\/de\/magazin\/so-gelingt-die-filialisierung\/#primaryimage\"},\"thumbnailUrl\":\"https:\/\/www.libri.de\/wp-content\/uploads\/2024\/08\/Kopie-von-Header-Blog-Libri.Magazin-76.jpg\",\"keywords\":[\"Buchhandel allgemein\",\"Buchhandlungen\",\"Gr\u00fcndung &amp; Nachfolge\"],\"articleSection\":[\"Campus erleben\"],\"inLanguage\":\"de\",\"potentialAction\":[{\"@type\":\"CommentAction\",\"name\":\"Comment\",\"target\":[\"https:\/\/www.libri.de\/de\/magazin\/so-gelingt-die-filialisierung\/#respond\"]}]},{\"@type\":\"WebPage\",\"@id\":\"https:\/\/www.libri.de\/de\/magazin\/so-gelingt-die-filialisierung\/\",\"url\":\"https:\/\/www.libri.de\/de\/magazin\/so-gelingt-die-filialisierung\/\",\"name\":\"Aus eins mach zwei | Libri GmbH\",\"isPartOf\":{\"@id\":\"https:\/\/www.libri.de\/fr\/#website\"},\"primaryImageOfPage\":{\"@id\":\"https:\/\/www.libri.de\/de\/magazin\/so-gelingt-die-filialisierung\/#primaryimage\"},\"image\":{\"@id\":\"https:\/\/www.libri.de\/de\/magazin\/so-gelingt-die-filialisierung\/#primaryimage\"},\"thumbnailUrl\":\"https:\/\/www.libri.de\/wp-content\/uploads\/2024\/08\/Kopie-von-Header-Blog-Libri.Magazin-76.jpg\",\"datePublished\":\"2024-08-26T08:34:59+00:00\",\"dateModified\":\"2025-08-11T08:59:04+00:00\",\"description\":\"Anna Doepfner hat 2023 eine zweite Buchhandlung \u00fcbernommen. Hier im Interview berichtet sie, wie eine Filialisierung erfolgreich gelingt.\",\"breadcrumb\":{\"@id\":\"https:\/\/www.libri.de\/de\/magazin\/so-gelingt-die-filialisierung\/#breadcrumb\"},\"inLanguage\":\"de\",\"potentialAction\":[{\"@type\":\"ReadAction\",\"target\":[\"https:\/\/www.libri.de\/de\/magazin\/so-gelingt-die-filialisierung\/\"]}]},{\"@type\":\"ImageObject\",\"inLanguage\":\"de\",\"@id\":\"https:\/\/www.libri.de\/de\/magazin\/so-gelingt-die-filialisierung\/#primaryimage\",\"url\":\"https:\/\/www.libri.de\/wp-content\/uploads\/2024\/08\/Kopie-von-Header-Blog-Libri.Magazin-76.jpg\",\"contentUrl\":\"https:\/\/www.libri.de\/wp-content\/uploads\/2024\/08\/Kopie-von-Header-Blog-Libri.Magazin-76.jpg\",\"width\":1988,\"height\":940,\"caption\":\"Anna Doepfner zeigt, wie eine erfolgreiche Filialisierung gelingen kann.\"},{\"@type\":\"BreadcrumbList\",\"@id\":\"https:\/\/www.libri.de\/de\/magazin\/so-gelingt-die-filialisierung\/#breadcrumb\",\"itemListElement\":[{\"@type\":\"ListItem\",\"position\":1,\"name\":\"Start\",\"item\":\"https:\/\/www.libri.de\/de\/\"},{\"@type\":\"ListItem\",\"position\":2,\"name\":\"Aus eins mach zwei\"}]},{\"@type\":\"WebSite\",\"@id\":\"https:\/\/www.libri.de\/fr\/#website\",\"url\":\"https:\/\/www.libri.de\/fr\/\",\"name\":\"Libri GmbH\",\"description\":\"Barsortiment und Gro\u00dfhandel f\u00fcr B\u00fccher und andere Medien\",\"publisher\":{\"@id\":\"https:\/\/www.libri.de\/fr\/#organization\"},\"potentialAction\":[{\"@type\":\"SearchAction\",\"target\":{\"@type\":\"EntryPoint\",\"urlTemplate\":\"https:\/\/www.libri.de\/fr\/?s={search_term_string}\"},\"query-input\":{\"@type\":\"PropertyValueSpecification\",\"valueRequired\":true,\"valueName\":\"search_term_string\"}}],\"inLanguage\":\"de\"},{\"@type\":\"Organization\",\"@id\":\"https:\/\/www.libri.de\/fr\/#organization\",\"name\":\"Libri\",\"url\":\"https:\/\/www.libri.de\/fr\/\",\"logo\":{\"@type\":\"ImageObject\",\"inLanguage\":\"de\",\"@id\":\"https:\/\/www.libri.de\/fr\/#\/schema\/logo\/image\/\",\"url\":\"https:\/\/188.64.195.32\/wp-content\/uploads\/2022\/04\/libri_logo-1.jpg\",\"contentUrl\":\"https:\/\/188.64.195.32\/wp-content\/uploads\/2022\/04\/libri_logo-1.jpg\",\"width\":2000,\"height\":1000,\"caption\":\"Libri\"},\"image\":{\"@id\":\"https:\/\/www.libri.de\/fr\/#\/schema\/logo\/image\/\"},\"sameAs\":[\"https:\/\/www.facebook.com\/libribarsortiment\",\"https:\/\/www.instagram.com\/libri.barsortiment\",\"https:\/\/www.linkedin.com\/company\/libri-gmbh\"]},{\"@type\":\"Person\",\"@id\":\"https:\/\/www.libri.de\/fr\/#\/schema\/person\/e63eeac12b53ae48de92e0a3f656f40f\",\"name\":\"admin\",\"image\":{\"@type\":\"ImageObject\",\"inLanguage\":\"de\",\"@id\":\"https:\/\/www.libri.de\/fr\/#\/schema\/person\/image\/\",\"url\":\"https:\/\/secure.gravatar.com\/avatar\/c262047f1de1c10b5ac0ce5fdbc1d63a340e746e9bd07458afbe370bb52df17d?s=96&d=mm&r=g\",\"contentUrl\":\"https:\/\/secure.gravatar.com\/avatar\/c262047f1de1c10b5ac0ce5fdbc1d63a340e746e9bd07458afbe370bb52df17d?s=96&d=mm&r=g\",\"caption\":\"admin\"}}]}<\/script>\n<!-- \/ Yoast SEO plugin. -->","yoast_head_json":{"title":"Aus eins mach zwei | Libri GmbH","description":"Anna Doepfner hat 2023 eine zweite Buchhandlung \u00fcbernommen. Hier im Interview berichtet sie, wie eine Filialisierung erfolgreich gelingt.","robots":{"index":"index","follow":"follow","max-snippet":"max-snippet:-1","max-image-preview":"max-image-preview:large","max-video-preview":"max-video-preview:-1"},"canonical":"https:\/\/www.libri.de\/de\/magazin\/so-gelingt-die-filialisierung\/","og_locale":"de_DE","og_type":"article","og_title":"Aus eins mach zwei | Libri GmbH","og_description":"Anna Doepfner hat 2023 eine zweite Buchhandlung \u00fcbernommen. Hier im Interview berichtet sie, wie eine Filialisierung erfolgreich gelingt.","og_url":"https:\/\/www.libri.de\/de\/magazin\/so-gelingt-die-filialisierung\/","og_site_name":"Libri GmbH","article_publisher":"https:\/\/www.facebook.com\/libribarsortiment","article_published_time":"2024-08-26T08:34:59+00:00","article_modified_time":"2025-08-11T08:59:04+00:00","og_image":[{"width":1988,"height":940,"url":"https:\/\/www.libri.de\/wp-content\/uploads\/2024\/08\/Kopie-von-Header-Blog-Libri.Magazin-76.jpg","type":"image\/jpeg"}],"author":"admin","twitter_card":"summary_large_image","twitter_misc":{"Verfasst von":"admin","Gesch\u00e4tzte Lesezeit":"1\u00a0Minute"},"schema":{"@context":"https:\/\/schema.org","@graph":[{"@type":"Article","@id":"https:\/\/www.libri.de\/de\/magazin\/so-gelingt-die-filialisierung\/#article","isPartOf":{"@id":"https:\/\/www.libri.de\/de\/magazin\/so-gelingt-die-filialisierung\/"},"author":{"name":"admin","@id":"https:\/\/www.libri.de\/fr\/#\/schema\/person\/e63eeac12b53ae48de92e0a3f656f40f"},"headline":"Aus eins mach zwei","datePublished":"2024-08-26T08:34:59+00:00","dateModified":"2025-08-11T08:59:04+00:00","mainEntityOfPage":{"@id":"https:\/\/www.libri.de\/de\/magazin\/so-gelingt-die-filialisierung\/"},"wordCount":4,"commentCount":0,"publisher":{"@id":"https:\/\/www.libri.de\/fr\/#organization"},"image":{"@id":"https:\/\/www.libri.de\/de\/magazin\/so-gelingt-die-filialisierung\/#primaryimage"},"thumbnailUrl":"https:\/\/www.libri.de\/wp-content\/uploads\/2024\/08\/Kopie-von-Header-Blog-Libri.Magazin-76.jpg","keywords":["Buchhandel allgemein","Buchhandlungen","Gr\u00fcndung &amp; Nachfolge"],"articleSection":["Campus erleben"],"inLanguage":"de","potentialAction":[{"@type":"CommentAction","name":"Comment","target":["https:\/\/www.libri.de\/de\/magazin\/so-gelingt-die-filialisierung\/#respond"]}]},{"@type":"WebPage","@id":"https:\/\/www.libri.de\/de\/magazin\/so-gelingt-die-filialisierung\/","url":"https:\/\/www.libri.de\/de\/magazin\/so-gelingt-die-filialisierung\/","name":"Aus eins mach zwei | Libri GmbH","isPartOf":{"@id":"https:\/\/www.libri.de\/fr\/#website"},"primaryImageOfPage":{"@id":"https:\/\/www.libri.de\/de\/magazin\/so-gelingt-die-filialisierung\/#primaryimage"},"image":{"@id":"https:\/\/www.libri.de\/de\/magazin\/so-gelingt-die-filialisierung\/#primaryimage"},"thumbnailUrl":"https:\/\/www.libri.de\/wp-content\/uploads\/2024\/08\/Kopie-von-Header-Blog-Libri.Magazin-76.jpg","datePublished":"2024-08-26T08:34:59+00:00","dateModified":"2025-08-11T08:59:04+00:00","description":"Anna Doepfner hat 2023 eine zweite Buchhandlung \u00fcbernommen. Hier im Interview berichtet sie, wie eine Filialisierung erfolgreich gelingt.","breadcrumb":{"@id":"https:\/\/www.libri.de\/de\/magazin\/so-gelingt-die-filialisierung\/#breadcrumb"},"inLanguage":"de","potentialAction":[{"@type":"ReadAction","target":["https:\/\/www.libri.de\/de\/magazin\/so-gelingt-die-filialisierung\/"]}]},{"@type":"ImageObject","inLanguage":"de","@id":"https:\/\/www.libri.de\/de\/magazin\/so-gelingt-die-filialisierung\/#primaryimage","url":"https:\/\/www.libri.de\/wp-content\/uploads\/2024\/08\/Kopie-von-Header-Blog-Libri.Magazin-76.jpg","contentUrl":"https:\/\/www.libri.de\/wp-content\/uploads\/2024\/08\/Kopie-von-Header-Blog-Libri.Magazin-76.jpg","width":1988,"height":940,"caption":"Anna Doepfner zeigt, wie eine erfolgreiche Filialisierung gelingen kann."},{"@type":"BreadcrumbList","@id":"https:\/\/www.libri.de\/de\/magazin\/so-gelingt-die-filialisierung\/#breadcrumb","itemListElement":[{"@type":"ListItem","position":1,"name":"Start","item":"https:\/\/www.libri.de\/de\/"},{"@type":"ListItem","position":2,"name":"Aus eins mach zwei"}]},{"@type":"WebSite","@id":"https:\/\/www.libri.de\/fr\/#website","url":"https:\/\/www.libri.de\/fr\/","name":"Libri GmbH","description":"Barsortiment und Gro\u00dfhandel f\u00fcr B\u00fccher und andere Medien","publisher":{"@id":"https:\/\/www.libri.de\/fr\/#organization"},"potentialAction":[{"@type":"SearchAction","target":{"@type":"EntryPoint","urlTemplate":"https:\/\/www.libri.de\/fr\/?s={search_term_string}"},"query-input":{"@type":"PropertyValueSpecification","valueRequired":true,"valueName":"search_term_string"}}],"inLanguage":"de"},{"@type":"Organization","@id":"https:\/\/www.libri.de\/fr\/#organization","name":"Libri","url":"https:\/\/www.libri.de\/fr\/","logo":{"@type":"ImageObject","inLanguage":"de","@id":"https:\/\/www.libri.de\/fr\/#\/schema\/logo\/image\/","url":"https:\/\/188.64.195.32\/wp-content\/uploads\/2022\/04\/libri_logo-1.jpg","contentUrl":"https:\/\/188.64.195.32\/wp-content\/uploads\/2022\/04\/libri_logo-1.jpg","width":2000,"height":1000,"caption":"Libri"},"image":{"@id":"https:\/\/www.libri.de\/fr\/#\/schema\/logo\/image\/"},"sameAs":["https:\/\/www.facebook.com\/libribarsortiment","https:\/\/www.instagram.com\/libri.barsortiment","https:\/\/www.linkedin.com\/company\/libri-gmbh"]},{"@type":"Person","@id":"https:\/\/www.libri.de\/fr\/#\/schema\/person\/e63eeac12b53ae48de92e0a3f656f40f","name":"admin","image":{"@type":"ImageObject","inLanguage":"de","@id":"https:\/\/www.libri.de\/fr\/#\/schema\/person\/image\/","url":"https:\/\/secure.gravatar.com\/avatar\/c262047f1de1c10b5ac0ce5fdbc1d63a340e746e9bd07458afbe370bb52df17d?s=96&d=mm&r=g","contentUrl":"https:\/\/secure.gravatar.com\/avatar\/c262047f1de1c10b5ac0ce5fdbc1d63a340e746e9bd07458afbe370bb52df17d?s=96&d=mm&r=g","caption":"admin"}}]}},"_links":{"self":[{"href":"https:\/\/www.libri.de\/de\/wp-json\/wp\/v2\/posts\/70861","targetHints":{"allow":["GET"]}}],"collection":[{"href":"https:\/\/www.libri.de\/de\/wp-json\/wp\/v2\/posts"}],"about":[{"href":"https:\/\/www.libri.de\/de\/wp-json\/wp\/v2\/types\/post"}],"author":[{"embeddable":true,"href":"https:\/\/www.libri.de\/de\/wp-json\/wp\/v2\/users\/10"}],"replies":[{"embeddable":true,"href":"https:\/\/www.libri.de\/de\/wp-json\/wp\/v2\/comments?post=70861"}],"version-history":[{"count":3,"href":"https:\/\/www.libri.de\/de\/wp-json\/wp\/v2\/posts\/70861\/revisions"}],"predecessor-version":[{"id":72096,"href":"https:\/\/www.libri.de\/de\/wp-json\/wp\/v2\/posts\/70861\/revisions\/72096"}],"wp:featuredmedia":[{"embeddable":true,"href":"https:\/\/www.libri.de\/de\/wp-json\/wp\/v2\/media\/71034"}],"wp:attachment":[{"href":"https:\/\/www.libri.de\/de\/wp-json\/wp\/v2\/media?parent=70861"}],"wp:term":[{"taxonomy":"category","embeddable":true,"href":"https:\/\/www.libri.de\/de\/wp-json\/wp\/v2\/categories?post=70861"},{"taxonomy":"post_tag","embeddable":true,"href":"https:\/\/www.libri.de\/de\/wp-json\/wp\/v2\/tags?post=70861"}],"curies":[{"name":"wp","href":"https:\/\/api.w.org\/{rel}","templated":true}]}}