{"id":68018,"date":"2024-05-29T14:20:10","date_gmt":"2024-05-29T12:20:10","guid":{"rendered":"https:\/\/www.libri.de\/?p=68018"},"modified":"2025-10-10T14:40:28","modified_gmt":"2025-10-10T12:40:28","slug":"die-neuen-tolino-ereader-jetzt-mit-farbdisplay-und-neuer-software","status":"publish","type":"post","link":"https:\/\/www.libri.de\/de\/magazin\/die-neuen-tolino-ereader-jetzt-mit-farbdisplay-und-neuer-software\/","title":{"rendered":"tolino-eReader jetzt mit Farbdisplay"},"content":{"rendered":"\r\n<div id=\"text-block_34750031ecdbf8cac245c154599d19a4\" class=\"block-text module type-text bc-trans\">\r\n  <div class=\"container\">\r\n\r\n    \r\n      <div class=\"row \">\r\n\r\n        \r\n        <div class=\"col-12 col-md-9\">\r\n\r\n          \r\n          <div class=\"text for-box-js\">\r\n            <p>Die im Mai und Juni in den Verkauf gehenden neuen tolino-eReader-Modelle bringen viele neue Funktionalit\u00e4ten mit. F\u00fcr die Produktvorstellung und die Kl\u00e4rung von Fragen hat Libri unabh\u00e4ngigen Buchhandlungen gleich zwei hilfreiche Online-Formate angeboten: Im <strong>tolino Talk<\/strong> wurden die Reader ausf\u00fchrlich vorgestellt. Im <strong>tolino Updates 2024<\/strong> am 15. Mai war zus\u00e4tzlich Raum f\u00fcr Fragen der Buchhandlungen.<\/p>\n<h2>Warum tolino?<\/h2>\n<p>tolino ist die eReading-Initiative deutscher Buchh\u00e4ndler*innen mit eReadern, Lese-App und Features rund um das digitale Lesen. Als Partner der tolino-Allianz erm\u00f6glicht Libri \u00fcber 1.300 Buchhandlungen die Anbindung an tolino und sorgt als zentraler Contentlieferant f\u00fcr eines der gr\u00f6\u00dften eBook-Sortimente. Sprich, <strong>Libri unterst\u00fctzt Buchhandlungen durch ein umfassendes Angebot von eBooks<\/strong>. Dies er\u00f6ffnet den Endkund*innen der Buchhandlungen Zugang zu <a href=\"https:\/\/tracking.libri.de\/u\/nrd.php?p=afNPS5RVfH_1_4273522_1_11&amp;ems_l=4643178&amp;_esuh=_11_5d458ee9efdd6aaa1a65e390f8fa1f0ded5d22b3008a7ecc50ad63a50ef1bf37\">\u00fcber 4 Mio. eBooks<\/a>\u00a0von deutschsprachigen und internationalen Verlagen, darunter etwa 29.000\u00a0<a href=\"https:\/\/www.libri.de\/de\/fuer-den-handel\/services\/best-of-manga-die-systemloesung\/#der-manga-trend\">Comics und Manga<\/a>.\u00a0W\u00e4hrend letztere besonders j\u00fcngere Zielgruppen ansprechen, werden viele tolino-Funktionen auch von \u00e4lteren Zielgruppen gesch\u00e4tzt. <strong>tolino-Buchhandlungen machen somit Lesenden von verschiedenen Generationen die <a href=\"https:\/\/www.libri.de\/de\/ihr-zuverlaessiger-partner-in-der-tolino-allianz\/\">tolino-Welt<\/a> und das digitale Lesen zug\u00e4nglich.\u00a0<\/strong><\/p>\n          <\/div>\r\n\r\n          \r\n          \r\n        <\/div>\r\n        \r\n      <\/div>\r\n\r\n    \r\n  <\/div>\r\n<\/div>\r\n\r\n\n\n\r\n<div id=\"expert-block_9327d8786dc59bac840efc5838c21ca4\" class=\"block-expert bc-trans\">\r\n  <div class=\"container\">\r\n    <div class=\"row\">\r\n\r\n      <div class=\"col-6 col-md-3\">\r\n        <div class=\"image\">\r\n          <img decoding=\"async\" width=\"300\" height=\"300\" src=\"https:\/\/www.libri.de\/wp-content\/uploads\/2024\/04\/4-300x300.png\" class=\"attachment-medium size-medium\" alt=\"Portr\u00e4tfoto von Ralf Schiering\" srcset=\"https:\/\/www.libri.de\/wp-content\/uploads\/2024\/04\/4-300x300.png 300w, https:\/\/www.libri.de\/wp-content\/uploads\/2024\/04\/4-150x150.png 150w, https:\/\/www.libri.de\/wp-content\/uploads\/2024\/04\/4.png 640w\" sizes=\"(max-width: 300px) 100vw, 300px\" \/>        <\/div>\r\n      <\/div>\r\n\r\n      <div class=\"col-12 col-md-7\">\r\n        <div class=\"info\">\r\n\r\n                      <h4 class=\"expert-name\">\r\n              Ralf Schiering            <\/h4>\r\n          \r\n                      <p class=\"expert-title\">\r\n              Selbstst\u00e4ndiger Berater u. a. f\u00fcr Digitales Lesen und Digital Learning f\u00fcr Buchhandel \/ Handel und Verlage            <\/p>\r\n          \r\n                                    <div class=\"expert-text wysiwyg\">\r\n                <blockquote><p><em>&#8222;Mobiles Lesen ist leichter &#8211; im wahrsten Sinne des Wortes. Mit der eReading-L\u00f6sung tolino binden Sie Ihre Kund*innen in jeder Form des Lesens: Sie bieten ein vollst\u00e4ndiges Leseerlebnis auch digital. Das ist wichtig f\u00fcr Kund*innen, die sowohl eBooks als auch gedruckte B\u00fccher lesen. Besonders in den reisestarken Sommermonaten suchen viele Leser*innen nach M\u00f6glichkeiten Lesestoff unterwegs dabeizuhaben. Mit der tolino-eReading-L\u00f6sung bieten Sie alles: eReader, Lese-Apps, Webreader und mehr als 4 Mio. eBooks und H\u00f6rb\u00fccher zum Download &#8211; auch von unterwegs.&#8220;<\/em><\/p><\/blockquote>\n              <\/div>\r\n                      \r\n        <\/div>\r\n      <\/div>\r\n\r\n    <\/div>\r\n  <\/div>\r\n<\/div>\r\n\r\n\n\n\r\n<div id=\"box-block_dcb81196a32f2b81ec53b109dc501adb\" class=\"block-box type-info\">\r\n\r\n  <div class=\"container\">\r\n    <div class=\"box-teaser\">\r\n      <div class=\"icon icon-info\"><\/div>\r\n      <div class=\"text\">\r\n        <p>tolino-Buchhandlungen finden auf unserer Supportseite eine \u00dcbersicht aller tolino-Ger\u00e4te.<\/p>\n      <\/div>\r\n              <div>\r\n          <a href=\"https:\/\/support.libri.de\/de\/support\/solutions\/articles\/101000523859-aktuelles-ereader-portfolio-ger%C3%A4te%C3%BCbersicht-und-neue-features\" class=\"link\" target=\"_blank\" >\r\n            <span class=\"title\">Zum Download der Ger\u00e4te\u00fcbersicht<\/span><span class=\"after\"> ><\/span>\r\n          <\/a>\r\n        <\/div>\r\n          <\/div>\r\n  <\/div>\r\n<\/div>\r\n\r\n\n\n\r\n<div id=\"text-block_64a33a56051897a59cb630f6744ef15c\" class=\"block-text module type-text bc-trans\">\r\n  <div class=\"container\">\r\n\r\n    \r\n      <div class=\"row \">\r\n\r\n        \r\n        <div class=\"col-12 col-md-9\">\r\n\r\n          \r\n          <div class=\"text for-box-js\">\r\n            <h2>Bunt, laut und kreativ: Die neue Generation der tolino-Ger\u00e4te<\/h2>\n<p>Vor rund einem Monat k\u00fcndigte tolino gleich drei neue Modelle aus der tolino-eReader-Familie an: den <strong>tolino shine<\/strong>, den <strong>tolino shine color<\/strong> und den <strong>tolino vision color<\/strong> mit dem separat erh\u00e4ltlichen Eingabestift <strong>tolino stylus<\/strong>.<\/p>\n<p>Seit Mai sind der tolino shine und der tolino shine color, beide mit einem 6-Zoll-Display, im Handel erh\u00e4ltlich. Der <strong>tolino shine color<\/strong> mit Farbdisplay ist das erste Mitglied der farbenfrohen tolino-Familie. Dieser erm\u00f6glicht durch sein Preis-Leistungs-Verh\u00e4ltnis einen komfortablen Einstieg in die farbenfrohe Welt des digitalen Lesens. Das E Ink Kaleido 3 Farbdisplay mit 4.096 Farben kann Grafiken, Bilder und Illustrationen von Inhalten brillant darstellen. Wer einen preisbewussten sowie smarten Einstieg ins digitale Lesen vorzieht und auch keinen gro\u00dfen Wert auf ein Farbdisplay legt, ist mit der schwarz-wei\u00dfen Alternative des neuen <strong>tolino shines<\/strong> (5. Generation) gut bedient.<\/p>\n          <\/div>\r\n\r\n          \r\n          \r\n        <\/div>\r\n        \r\n      <\/div>\r\n\r\n    \r\n  <\/div>\r\n<\/div>\r\n\r\n\n\n\r\n<div id=\"image-block_70922b055d1c55753e0b1e680bafba4c\" class=\"block-image module type-default bc-trans\">\r\n\r\n      <div class=\"container\">\r\n      <div class=\"row\">\r\n        <div class=\"col-12 col-md-9\">\r\n          \r\n          <div class=\"row\">\r\n\r\n                          <div class=\"col\">\r\n                <img decoding=\"async\" width=\"650\" height=\"900\" src=\"https:\/\/www.libri.de\/wp-content\/uploads\/2024\/05\/6-1.png\" class=\"attachment-large size-large\" alt=\"Der neue tolino shine mit Schwarz-Wei\u00df-Display - image\" srcset=\"https:\/\/www.libri.de\/wp-content\/uploads\/2024\/05\/6-1.png 650w, https:\/\/www.libri.de\/wp-content\/uploads\/2024\/05\/6-1-217x300.png 217w\" sizes=\"(max-width: 650px) 100vw, 650px\" \/>              <\/div>\r\n                        \r\n                          <div class=\"col-6\">\r\n                <img decoding=\"async\" width=\"650\" height=\"900\" src=\"https:\/\/www.libri.de\/wp-content\/uploads\/2024\/05\/2-1.png\" class=\"attachment-large size-large\" alt=\"tolino shine color mit Farbdisplay - image\" srcset=\"https:\/\/www.libri.de\/wp-content\/uploads\/2024\/05\/2-1.png 650w, https:\/\/www.libri.de\/wp-content\/uploads\/2024\/05\/2-1-217x300.png 217w\" sizes=\"(max-width: 650px) 100vw, 650px\" \/>              <\/div>\r\n            \r\n          <\/div>\r\n\r\n          <div class=\"row\">\r\n\r\n                          <div class=\"col caption\">\r\n                Gro\u00dfe Leistung auf kleinstem Raum: der neue tolino shine              <\/div>\r\n                        \r\n                          <div class=\"col-6 caption\">\r\n                Das kompakte Lesevergn\u00fcgen in Farbe erleben mit dem tolino shine color &#8211; der erste tolino-eReader mit Farbdisplay              <\/div>\r\n            \r\n          <\/div>\r\n\r\n        <\/div>\r\n      <\/div>\r\n    <\/div>\r\n\r\n   \r\n  \r\n<\/div>\r\n\r\n\n\n\r\n<div id=\"text-block_f0a00bba5dba983aee046b25b149fc10\" class=\"block-text module type-text bc-trans\">\r\n  <div class=\"container\">\r\n\r\n    \r\n      <div class=\"row \">\r\n\r\n        \r\n        <div class=\"col-12 col-md-9\">\r\n\r\n          \r\n          <div class=\"text for-box-js\">\r\n            <p>Der <strong>tolino vision color <\/strong>wird mit Farbdisplay ab Juni 2024 im Handel verf\u00fcgbar sein. Der tolino vision color \u00fcberzeugt mit den aktuell meisten Funktionen und einem gro\u00dfen Farbdisplay (auch mit 4.096 Farben). In Kombination mit dem Eingabestift <strong>tolino stylus<\/strong> wird aus dem tolino vision color ein Notizbuch.<\/p>\n          <\/div>\r\n\r\n          \r\n          \r\n        <\/div>\r\n        \r\n      <\/div>\r\n\r\n    \r\n  <\/div>\r\n<\/div>\r\n\r\n\n\n\r\n<div id=\"image-block_102e002d6d55797d911d2bdac6606a0c\" class=\"block-image module type-default bc-trans\">\r\n\r\n      <div class=\"container\">\r\n      <div class=\"row\">\r\n        <div class=\"col-12 col-md-9\">\r\n          \r\n          <div class=\"row\">\r\n\r\n                          <div class=\"col\">\r\n                <img decoding=\"async\" width=\"650\" height=\"900\" src=\"https:\/\/www.libri.de\/wp-content\/uploads\/2024\/05\/7.png\" class=\"attachment-large size-large\" alt=\"Neu: der tolino vision color mit Farbdisplay - image\" srcset=\"https:\/\/www.libri.de\/wp-content\/uploads\/2024\/05\/7.png 650w, https:\/\/www.libri.de\/wp-content\/uploads\/2024\/05\/7-217x300.png 217w\" sizes=\"(max-width: 650px) 100vw, 650px\" \/>              <\/div>\r\n                        \r\n                          <div class=\"col-6\">\r\n                <img decoding=\"async\" width=\"650\" height=\"900\" src=\"https:\/\/www.libri.de\/wp-content\/uploads\/2024\/05\/1.png\" class=\"attachment-large size-large\" alt=\"Der neue tolino vision color mit dem Eingabestift tolino stylus - image\" srcset=\"https:\/\/www.libri.de\/wp-content\/uploads\/2024\/05\/1.png 650w, https:\/\/www.libri.de\/wp-content\/uploads\/2024\/05\/1-217x300.png 217w\" sizes=\"(max-width: 650px) 100vw, 650px\" \/>              <\/div>\r\n            \r\n          <\/div>\r\n\r\n          <div class=\"row\">\r\n\r\n                          <div class=\"col caption\">\r\n                Der zweite eReader mit Farbdisplay: der tolino vision color               <\/div>\r\n                        \r\n                          <div class=\"col-6 caption\">\r\n                In Kombination mit dem separat erh\u00e4ltlichen tolino stylus direkt in eBooks notieren, markieren, zeichnen usw.              <\/div>\r\n            \r\n          <\/div>\r\n\r\n        <\/div>\r\n      <\/div>\r\n    <\/div>\r\n\r\n   \r\n  \r\n<\/div>\r\n\r\n\n\n\r\n<div id=\"text-block_2902107a9732df8ce4c0f68fd2671a40\" class=\"block-text module type-text bc-trans\">\r\n  <div class=\"container\">\r\n\r\n    \r\n      <div class=\"row \">\r\n\r\n        \r\n        <div class=\"col-12 col-md-9\">\r\n\r\n          \r\n          <div class=\"text for-box-js\">\r\n            <p>Ab sofort k\u00f6nnen Lesebegeisterte Geschichten also noch <strong>bunter<\/strong> erleben. Die Einf\u00fchrung von Farbdisplays \u00f6ffnet die T\u00fcren f\u00fcr Buchgenres mit hohem Bildanteil wie Kinderb\u00fccher, Kochb\u00fccher, illustrierte Ratgeber, Comics oder Mangas. <strong>Kreativ<\/strong> wird es, wenn mit dem tolino stylus auf dem tolino vision color notiert, markiert oder gestaltet wird. Alle drei neuen tolino-Modelle besitzen eine integrierte Bluetooth-Funktion, sodass mithilfe von Bluetooth-Kopfh\u00f6rern\/-Lautsprechern jetzt auch digitale H\u00f6rb\u00fccher direkt vom eReader aus genossen werden k\u00f6nnen.<\/p>\n<p><strong>Unser Tipp:<\/strong> Eine \u00dcbersicht aller verf\u00fcgbaren Ger\u00e4te finden Sie als tolino-Buchhandlung (oder noch werdende) in Ihrem Onlineshop. Durch\u00a0<a href=\"https:\/\/www.libri.de\/de\/fuer-den-handel\/produkte\/libri-shopline\/\">Libri.Shopline<\/a> oder <a href=\"https:\/\/www.genialokal.de\/\" target=\"_blank\" rel=\"noopener\">genialokal<\/a> sind Sie mit diesem direkt an die tolino-Allianz angebunden. Weisen Sie auch Ihre Kund*innen auf den Bereich &#8222;tolino&#8220; in Ihrem Onlineshop hin.<\/p>\n          <\/div>\r\n\r\n          \r\n          \r\n        <\/div>\r\n        \r\n      <\/div>\r\n\r\n    \r\n  <\/div>\r\n<\/div>\r\n\r\n\n\n\r\n<div id=\"text-block_4aa8c0246bf405ea352a0a50bb9c8e3c\" class=\"block-text module type-text bc-trans\">\r\n  <div class=\"container\">\r\n\r\n    \r\n      <div class=\"row \">\r\n\r\n        \r\n        <div class=\"col-12 col-md-9\">\r\n\r\n          \r\n          <div class=\"text for-box-js\">\r\n            <h3>Die offene eReading-L\u00f6sung bleibt bestehen<\/h3>\n<p>Nicht neu ist, dass tolino Lesenden weiterhin eine unbegrenzte Freiheit im digitalen Lesen bietet. Basis hierf\u00fcr ist das offene <a href=\"https:\/\/support.libri.de\/de\/support\/solutions\/articles\/101000523148-die-tolino-ereading-l%C3%B6sung\">tolino \u00d6kosystem<\/a>. Was ist hiermit gemeint? tolino-Nutzer*innen nutzen ein zentrales eReading-System, haben aber dennoch die M\u00f6glichkeit f\u00fcr den Kauf von Audio- und eBooks die Buchhandlung ihrer Wahl unter vielen teilnehmenden Buchh\u00e4ndler*innen auszuw\u00e4hlen.<\/p>\n<h4><strong>Weitere Vorteile werden geboten durch:<\/strong><\/h4>\n<ul>\n<li>die tolino cloud: das kostenlose Online-B\u00fccherregal, in der alle gekauften eBooks und Audiobooks abrufbar sind<\/li>\n<li>flexible Leseoptionen \u00fcber den tolino eReader, tolino webreader und die tolino app (f\u00fcr iOS und Android): Lese- und H\u00f6rinhalte in den g\u00e4ngigen Formaten k\u00f6nnen dank automatischer Synchronisation der tolino cloud auf allen Endger\u00e4ten weiter erlebt werden<\/li>\n<li><a href=\"https:\/\/support.libri.de\/de\/support\/solutions\/articles\/101000523150-alle-tolino-funktionen-was-funktioniert-wo-\" target=\"_blank\" rel=\"noopener\">vielseitige tolino-Funktionen<\/a>: z. B. Family Sharing (eBooks mit Familienmitglieder*innen teilen), optimierte Darstellung von Manga, Comics und Graphic Novels, Schriftgr\u00f6\u00dfe anpassen, Textpassagen \u00fcbersetzen lassen, usw.<\/li>\n<\/ul>\n          <\/div>\r\n\r\n          \r\n          \r\n        <\/div>\r\n        \r\n      <\/div>\r\n\r\n    \r\n  <\/div>\r\n<\/div>\r\n\r\n\n\n\r\n<div id=\"slider-block_b896f52184e36d3c87ce9d8309c17438\" class=\"block-slider bc-trans auto\">\r\n\r\n  <div class=\"container\">\r\n    <div class=\"row\">\r\n\r\n      <div class=\"col-12 col-md-10\">\r\n\r\n                  \r\n          <div class=\"wrapper\">\r\n            <div class=\"slides d-flex\">\r\n\r\n              \r\n                  <div class=\"slide\">\r\n                    <div class=\"image-wrapper\">\r\n                      <img decoding=\"async\" width=\"1024\" height=\"663\" src=\"https:\/\/www.libri.de\/wp-content\/uploads\/2024\/05\/Kein-Titel-1200-x-1900-px-1024x663.png\" class=\"attachment-large size-large\" alt=\"tolino app auf dem Smartphone\" draggable=\"false\" srcset=\"https:\/\/www.libri.de\/wp-content\/uploads\/2024\/05\/Kein-Titel-1200-x-1900-px-1024x663.png 1024w, https:\/\/www.libri.de\/wp-content\/uploads\/2024\/05\/Kein-Titel-1200-x-1900-px-300x194.png 300w, https:\/\/www.libri.de\/wp-content\/uploads\/2024\/05\/Kein-Titel-1200-x-1900-px-768x497.png 768w, https:\/\/www.libri.de\/wp-content\/uploads\/2024\/05\/Kein-Titel-1200-x-1900-px-1536x994.png 1536w, https:\/\/www.libri.de\/wp-content\/uploads\/2024\/05\/Kein-Titel-1200-x-1900-px.png 1700w\" sizes=\"(max-width: 1024px) 100vw, 1024px\" \/>                    <\/div>\r\n                    \r\n                                          <div class=\"slide-caption\">eBooks und Audiobooks flexibel genie\u00dfen u. a. mit der kostenlosen tolino app<\/div>\r\n                                      <\/div>\r\n\r\n                  \r\n                  <div class=\"slide\">\r\n                    <div class=\"image-wrapper\">\r\n                      <img decoding=\"async\" width=\"1024\" height=\"663\" src=\"https:\/\/www.libri.de\/wp-content\/uploads\/2024\/05\/tolino-vision-color-Bluetooth-1024x663.png\" class=\"attachment-large size-large\" alt=\"tolino vision color - H\u00f6rbuchfunktion - image\" draggable=\"false\" srcset=\"https:\/\/www.libri.de\/wp-content\/uploads\/2024\/05\/tolino-vision-color-Bluetooth-1024x663.png 1024w, https:\/\/www.libri.de\/wp-content\/uploads\/2024\/05\/tolino-vision-color-Bluetooth-300x194.png 300w, https:\/\/www.libri.de\/wp-content\/uploads\/2024\/05\/tolino-vision-color-Bluetooth-768x497.png 768w, https:\/\/www.libri.de\/wp-content\/uploads\/2024\/05\/tolino-vision-color-Bluetooth-1536x994.png 1536w, https:\/\/www.libri.de\/wp-content\/uploads\/2024\/05\/tolino-vision-color-Bluetooth.png 1700w\" sizes=\"(max-width: 1024px) 100vw, 1024px\" \/>                    <\/div>\r\n                    \r\n                                          <div class=\"slide-caption\">Neues H\u00f6rerlebnis garantiert: Audiobooks jetzt mit Bluetooth \u00fcber die neuen tolino Ger\u00e4te abspielen<\/div>\r\n                                      <\/div>\r\n\r\n                  \r\n                  <div class=\"slide\">\r\n                    <div class=\"image-wrapper\">\r\n                      <img decoding=\"async\" width=\"1024\" height=\"663\" src=\"https:\/\/www.libri.de\/wp-content\/uploads\/2024\/05\/tolino-family-sharing-1024x663.png\" class=\"attachment-large size-large\" alt=\"tolino Family Sharing - image\" draggable=\"false\" srcset=\"https:\/\/www.libri.de\/wp-content\/uploads\/2024\/05\/tolino-family-sharing-1024x663.png 1024w, https:\/\/www.libri.de\/wp-content\/uploads\/2024\/05\/tolino-family-sharing-300x194.png 300w, https:\/\/www.libri.de\/wp-content\/uploads\/2024\/05\/tolino-family-sharing-768x497.png 768w, https:\/\/www.libri.de\/wp-content\/uploads\/2024\/05\/tolino-family-sharing-1536x994.png 1536w, https:\/\/www.libri.de\/wp-content\/uploads\/2024\/05\/tolino-family-sharing.png 1700w\" sizes=\"(max-width: 1024px) 100vw, 1024px\" \/>                    <\/div>\r\n                    \r\n                                          <div class=\"slide-caption\">Mit bis zu sechs Liebsten Inhalte teilen, dank tolino Family Sharing<\/div>\r\n                                      <\/div>\r\n\r\n                  \r\n                  <div class=\"slide\">\r\n                    <div class=\"image-wrapper\">\r\n                      <img decoding=\"async\" width=\"1024\" height=\"663\" src=\"https:\/\/www.libri.de\/wp-content\/uploads\/2024\/05\/tolino-Farbdisplay-1024x663.png\" class=\"attachment-large size-large\" alt=\"tolino vision color mit optimierter Darstellung von visuellen Inhalten - image\" draggable=\"false\" srcset=\"https:\/\/www.libri.de\/wp-content\/uploads\/2024\/05\/tolino-Farbdisplay-1024x663.png 1024w, https:\/\/www.libri.de\/wp-content\/uploads\/2024\/05\/tolino-Farbdisplay-300x194.png 300w, https:\/\/www.libri.de\/wp-content\/uploads\/2024\/05\/tolino-Farbdisplay-768x497.png 768w, https:\/\/www.libri.de\/wp-content\/uploads\/2024\/05\/tolino-Farbdisplay-1536x994.png 1536w, https:\/\/www.libri.de\/wp-content\/uploads\/2024\/05\/tolino-Farbdisplay.png 1700w\" sizes=\"(max-width: 1024px) 100vw, 1024px\" \/>                    <\/div>\r\n                    \r\n                                          <div class=\"slide-caption\">Optimierte Darstellung f\u00fcr Titel mit Design Fokus (Kinder-, Fachb\u00fccher, Comics und Manga etc.)<\/div>\r\n                                      <\/div>\r\n\r\n                  \r\n            <\/div>\r\n\r\n            <div class=\"slider-arrows\">\r\n              <div class=\"slider-arrow-prev\">\r\n                <img decoding=\"async\" src=\"https:\/\/www.libri.de\/wp-content\/themes\/libri\/img\/icn-arrow-right.svg\" alt=\"\">\r\n              <\/div>\r\n              <div class=\"slider-arrow-next\">\r\n                <img decoding=\"async\" src=\"https:\/\/www.libri.de\/wp-content\/themes\/libri\/img\/icn-arrow-right.svg\" alt=\"\">\r\n              <\/div>\r\n            <\/div>\r\n          <\/div>\r\n\r\n          <div class=\"slider-indicator-wrapper\">\r\n            <div class=\"slider-indicator d-flex justify-content-center\">\r\n              <div class=\"slider-point active\" data-index=\"1\"><\/div><div class=\"slider-point\" data-index=\"2\"><\/div><div class=\"slider-point\" data-index=\"3\"><\/div><div class=\"slider-point\" data-index=\"4\"><\/div>            <\/div>\r\n          <\/div>\r\n\r\n        \r\n      <\/div>\r\n\r\n    <\/div>\r\n  <\/div>\r\n<\/div>\r\n\r\n\n\n\r\n<div id=\"box-block_02226305aa8d4f691ab01bdb2f5ed089\" class=\"block-box type-info\">\r\n\r\n  <div class=\"container\">\r\n    <div class=\"box-teaser\">\r\n      <div class=\"icon icon-info\"><\/div>\r\n      <div class=\"text\">\r\n        <p>Die offizielle Website der Allianz h\u00e4lt Aktualisierungen und weitergehende Hinweise f\u00fcr Kund*innen fest.<\/p>\n      <\/div>\r\n              <div>\r\n          <a href=\"https:\/\/mytolino.de\/software-updates-tolino-ereader\/\" class=\"link\" target=\"_blank\" >\r\n            <span class=\"title\">Informationen zu den Software-Updates<\/span><span class=\"after\"> ><\/span>\r\n          <\/a>\r\n        <\/div>\r\n          <\/div>\r\n  <\/div>\r\n<\/div>\r\n\r\n\n\n\r\n<div id=\"text-block_172e85fcf36f902f756a65b6800927d4\" class=\"block-text module type-text bc-trans\">\r\n  <div class=\"container\">\r\n\r\n    \r\n      <div class=\"row \">\r\n\r\n        \r\n        <div class=\"col-12 col-md-9\">\r\n\r\n          \r\n          <div class=\"text for-box-js\">\r\n            <h3>Aktualisierte tolino-Software einfach erkl\u00e4rt<\/h3>\n<p>Mit den neuen eReadern gibt es auch eine neue Ger\u00e4tesoftware. Doch was bedeutet dies f\u00fcr das Look-and-Feel der tolino-Oberfl\u00e4che? Startet man den tolino erscheint als allererstes die <strong>Startseite<\/strong>, welche mehr \u00dcberblick bietet. Hier sind z. B. neben eBooks nun auch H\u00f6rb\u00fccher ersichtlich. Zus\u00e4tzlich wurde die <strong>Statusleiste erweitert<\/strong>; so waren hier bis vor Einf\u00fchrung des neuen tolino shines und tolino shine colors nur die Suchoption, Helligkeit, Akkustand und Family Sharing sichtbar. Mit der Optimierung folgten das WLAN- als auch das Synchronisations-Symbol.<\/p>\n<p>Die <strong>User Experience<\/strong> weicht ebenfalls vom altgewohnten ab. So gl\u00e4nzt die Oberfl\u00e4che mit einer neu eingerichteten und <em>\u00fcbersichtlichen Men\u00fcleiste<\/em>. Unter dem Men\u00fcpunkt &#8222;Mehr&#8220; k\u00f6nnen jetzt die Einstellungen abgerufen werden, die bereichert werden mit neuen Funktionen (Bluetooth, Lese-Einstellungen wie z. B. Bl\u00e4ttertasten).<\/p>\n<p>Eine h\u00e4ufig gestellte Frage lautet: &#8222;<em>Erhalten \u00e4ltere tolino-eReader-Modelle eigentlich auch die neue tolino-eReader-Software?&#8220; <\/em>Ja, perspektivisch werden auch \u00e4ltere Modelle mit der neuen tolino-Software ausgestattet (\u00fcber Software-Updates). Einige der neuen Lesefunktionalit\u00e4ten werden so auch auf den \u00e4lteren Modellen verf\u00fcgbar \u2013 aus technischen Gr\u00fcnden jedoch nicht alle (z. B. nicht das Farbdisplay). Eine klare Aussage, wann welche \u00e4lteren tolino-Ger\u00e4te mit der neuen Software ausgestattet werden, kann zum jetzigen Zeitpunkt noch nicht getroffen werden<em>. <\/em>Weitere Fragen und Antworten, einschlie\u00dflich Grafiken sowie zus\u00e4tzliche Inhalte k\u00f6nnen <a href=\"https:\/\/www.libri.de\/de\/\/download\/68630\/?tmstv=1715955817\">hier<\/a> heruntergeladen werden.<\/p>\n          <\/div>\r\n\r\n                      <div class=\"cta\">\r\n              <a \r\n                class=\"bttn-secondary icn-no\" \r\n                href=\"https:\/\/www.libri.de\/de\/\/download\/68630\/?tmstv=1715955817\" \r\n                target=\"_self\"\r\n                >\r\n                Zu den Fragen und weiterf\u00fchrenden Informationen              <\/a>\r\n            <\/div>\r\n          \r\n          \r\n        <\/div>\r\n        \r\n      <\/div>\r\n\r\n    \r\n  <\/div>\r\n<\/div>\r\n\r\n\n\n\r\n<div id=\"text-block_d55761f4ba347384eacb776f7b3c6c13\" class=\"block-text module type-text bc-trans\">\r\n  <div class=\"container\">\r\n\r\n    \r\n      <div class=\"row \">\r\n\r\n        \r\n        <div class=\"col-12 col-md-9\">\r\n\r\n          \r\n          <div class=\"text for-box-js\">\r\n            <h2>Farbtastische Kampagne zum Launch der neuen tolino-Ger\u00e4te<\/h2>\n<p><span class=\"NormalTextRun SCXW27372535 BCX8\" data-ccp-parastyle=\"Normal0\" data-ccp-parastyle-defn=\"{&quot;ObjectId&quot;:&quot;5975a28f-e001-429e-b013-05046720b889|134&quot;,&quot;ClassId&quot;:1073872969,&quot;Properties&quot;:[469775450,&quot;Normal0&quot;,201340122,&quot;2&quot;,134234082,&quot;true&quot;,134233614,&quot;true&quot;,469778129,&quot;Normal0&quot;,335572020,&quot;1&quot;,335559705,&quot;1031&quot;,469778325,&quot;[\\&quot;heading 10\\&quot;,\\&quot;heading 20\\&quot;,\\&quot;heading 30\\&quot;,\\&quot;header\\&quot;,\\&quot;footer\\&quot;,\\&quot;_Adressblock\\&quot;,\\&quot;_Deckblatt 1\\&quot;,\\&quot;Standard Aufz\u00e4hlung 1. Ebene\\&quot;,\\&quot;Kalkulation\\&quot;,\\&quot;Standard Nummerierung\\&quot;,\\&quot;Tabelle_Head\\&quot;,\\&quot;Tabelle_Body\\&quot;,\\&quot;toc 2\\&quot;,\\&quot;toc 1\\&quot;,\\&quot;toc 3\\&quot;,\\&quot;Formatvorlage1\\&quot;,\\&quot;Body Text\\&quot;,\\&quot;List Paragraph\\&quot;,\\&quot;annotation text\\&quot;,\\&quot;Balloon Text\\&quot;,\\&quot;p1\\&quot;,\\&quot;Normal (Web)\\&quot;]&quot;]}\">Zum Launch der neuen <\/span><span class=\"NormalTextRun SpellingErrorV2Themed SCXW27372535 BCX8\" data-ccp-parastyle=\"Normal0\">tolino<\/span> <span class=\"NormalTextRun SpellingErrorV2Themed SpellingErrorHighlight SCXW27372535 BCX8\" data-ccp-parastyle=\"Normal0\">eReader tolino shine und tolino shine color startet parallel die neue Werbekampagne unter dem Motto <em>&#8222;Tauche ein in eine neue Welt &#8211; die tolino eReader jetzt mit Farbdisplay&#8220;. <\/em>Die <\/span><span class=\"NormalTextRun SpellingErrorV2Themed SpellingErrorHighlight SCXW27372535 BCX8\" data-ccp-parastyle=\"Normal0\">Kampagne, welche <strong>f\u00fcnf verschiedene Motive<\/strong> aufweist, soll Lust auf das Erleben von Geschichten in Farbe wecken. Neben einer Mangafigur, einem Detektiv, Drachen und Alien, wird der Fokus jedoch auf das Keymotiv eines Tanzpaares liegen. Buchh\u00e4ndler*innen k\u00f6nnen die Kampagne durch die neuen <a href=\"https:\/\/support.libri.de\/de\/support\/solutions\/articles\/101000493765-tolino-werbemittel-pos-\" target=\"_blank\" rel=\"noopener\">tolino-Werbemittel<\/a> in ihren Buchhandlungen aufgreifen. Diese beinhalten neue, farbelhafte Plakate, eine Brosch\u00fcre, tolino Sticker und Grafiken f\u00fcr Social-Media. Alle genannten Werbemittel k\u00f6nnen \u00fcber Libri bestellt werden!<\/span><\/p>\n          <\/div>\r\n\r\n          \r\n          \r\n        <\/div>\r\n        \r\n      <\/div>\r\n\r\n    \r\n  <\/div>\r\n<\/div>\r\n\r\n\n\n\r\n<div id=\"slider-block_53a0d64da73e9d397934acc21cd2310a\" class=\"block-slider bc-trans\">\r\n\r\n  <div class=\"container\">\r\n    <div class=\"row\">\r\n\r\n      <div class=\"col-12 col-md-10\">\r\n\r\n                  \r\n          <div class=\"wrapper\">\r\n            <div class=\"slides d-flex\">\r\n\r\n              \r\n                  <div class=\"slide\">\r\n                    <div class=\"image-wrapper\">\r\n                      <img decoding=\"async\" width=\"1024\" height=\"565\" src=\"https:\/\/www.libri.de\/wp-content\/uploads\/2024\/05\/tolino-Kampagne-2024-Tanzpaar-1-1024x565.png\" class=\"attachment-large size-large\" alt=\"tolino Kampagne zu den neuen tolino Ger\u00e4ten mit dem Hauptmotiv Tanzpaar - image\" draggable=\"false\" srcset=\"https:\/\/www.libri.de\/wp-content\/uploads\/2024\/05\/tolino-Kampagne-2024-Tanzpaar-1-1024x565.png 1024w, https:\/\/www.libri.de\/wp-content\/uploads\/2024\/05\/tolino-Kampagne-2024-Tanzpaar-1-300x165.png 300w, https:\/\/www.libri.de\/wp-content\/uploads\/2024\/05\/tolino-Kampagne-2024-Tanzpaar-1-768x424.png 768w, https:\/\/www.libri.de\/wp-content\/uploads\/2024\/05\/tolino-Kampagne-2024-Tanzpaar-1-1536x847.png 1536w, https:\/\/www.libri.de\/wp-content\/uploads\/2024\/05\/tolino-Kampagne-2024-Tanzpaar-1.png 1650w\" sizes=\"(max-width: 1024px) 100vw, 1024px\" \/>                    <\/div>\r\n                    \r\n                                      <\/div>\r\n\r\n                  \r\n                  <div class=\"slide\">\r\n                    <div class=\"image-wrapper\">\r\n                      <img decoding=\"async\" width=\"1024\" height=\"565\" src=\"https:\/\/www.libri.de\/wp-content\/uploads\/2024\/05\/tolino-Kampagne-2024-Alien-1-1024x565.png\" class=\"attachment-large size-large\" alt=\"tolino Kampagne zu den neuen tolino Ger\u00e4ten mit dem Motiv Alien - image\" draggable=\"false\" srcset=\"https:\/\/www.libri.de\/wp-content\/uploads\/2024\/05\/tolino-Kampagne-2024-Alien-1-1024x565.png 1024w, https:\/\/www.libri.de\/wp-content\/uploads\/2024\/05\/tolino-Kampagne-2024-Alien-1-300x165.png 300w, https:\/\/www.libri.de\/wp-content\/uploads\/2024\/05\/tolino-Kampagne-2024-Alien-1-768x424.png 768w, https:\/\/www.libri.de\/wp-content\/uploads\/2024\/05\/tolino-Kampagne-2024-Alien-1-1536x847.png 1536w, https:\/\/www.libri.de\/wp-content\/uploads\/2024\/05\/tolino-Kampagne-2024-Alien-1.png 1650w\" sizes=\"(max-width: 1024px) 100vw, 1024px\" \/>                    <\/div>\r\n                    \r\n                                      <\/div>\r\n\r\n                  \r\n                  <div class=\"slide\">\r\n                    <div class=\"image-wrapper\">\r\n                      <img decoding=\"async\" width=\"1024\" height=\"565\" src=\"https:\/\/www.libri.de\/wp-content\/uploads\/2024\/05\/tolino-Kampagne-2024-Detektiv-1-1024x565.png\" class=\"attachment-large size-large\" alt=\"tolino Kampagne zu den neuen tolino Ger\u00e4ten mit dem Motiv Detektiv - image\" draggable=\"false\" srcset=\"https:\/\/www.libri.de\/wp-content\/uploads\/2024\/05\/tolino-Kampagne-2024-Detektiv-1-1024x565.png 1024w, https:\/\/www.libri.de\/wp-content\/uploads\/2024\/05\/tolino-Kampagne-2024-Detektiv-1-300x165.png 300w, https:\/\/www.libri.de\/wp-content\/uploads\/2024\/05\/tolino-Kampagne-2024-Detektiv-1-768x424.png 768w, https:\/\/www.libri.de\/wp-content\/uploads\/2024\/05\/tolino-Kampagne-2024-Detektiv-1-1536x847.png 1536w, https:\/\/www.libri.de\/wp-content\/uploads\/2024\/05\/tolino-Kampagne-2024-Detektiv-1.png 1650w\" sizes=\"(max-width: 1024px) 100vw, 1024px\" \/>                    <\/div>\r\n                    \r\n                                      <\/div>\r\n\r\n                  \r\n                  <div class=\"slide\">\r\n                    <div class=\"image-wrapper\">\r\n                      <img decoding=\"async\" width=\"1024\" height=\"565\" src=\"https:\/\/www.libri.de\/wp-content\/uploads\/2024\/05\/tolino-Kampagne-2024-Drache-1-1024x565.png\" class=\"attachment-large size-large\" alt=\"tolino Kampagne zu den neuen tolino Ger\u00e4ten mit dem Motiv Drache - image\" draggable=\"false\" srcset=\"https:\/\/www.libri.de\/wp-content\/uploads\/2024\/05\/tolino-Kampagne-2024-Drache-1-1024x565.png 1024w, https:\/\/www.libri.de\/wp-content\/uploads\/2024\/05\/tolino-Kampagne-2024-Drache-1-300x165.png 300w, https:\/\/www.libri.de\/wp-content\/uploads\/2024\/05\/tolino-Kampagne-2024-Drache-1-768x424.png 768w, https:\/\/www.libri.de\/wp-content\/uploads\/2024\/05\/tolino-Kampagne-2024-Drache-1-1536x847.png 1536w, https:\/\/www.libri.de\/wp-content\/uploads\/2024\/05\/tolino-Kampagne-2024-Drache-1.png 1650w\" sizes=\"(max-width: 1024px) 100vw, 1024px\" \/>                    <\/div>\r\n                    \r\n                                      <\/div>\r\n\r\n                  \r\n                  <div class=\"slide\">\r\n                    <div class=\"image-wrapper\">\r\n                      <img decoding=\"async\" width=\"1024\" height=\"565\" src=\"https:\/\/www.libri.de\/wp-content\/uploads\/2024\/05\/tolino-Kampagne-2024-Manga-1-1024x565.png\" class=\"attachment-large size-large\" alt=\"tolino Kampagne zu den neuen tolino Ger\u00e4ten mit dem Motiv Manga - image\" draggable=\"false\" srcset=\"https:\/\/www.libri.de\/wp-content\/uploads\/2024\/05\/tolino-Kampagne-2024-Manga-1-1024x565.png 1024w, https:\/\/www.libri.de\/wp-content\/uploads\/2024\/05\/tolino-Kampagne-2024-Manga-1-300x165.png 300w, https:\/\/www.libri.de\/wp-content\/uploads\/2024\/05\/tolino-Kampagne-2024-Manga-1-768x424.png 768w, https:\/\/www.libri.de\/wp-content\/uploads\/2024\/05\/tolino-Kampagne-2024-Manga-1-1536x847.png 1536w, https:\/\/www.libri.de\/wp-content\/uploads\/2024\/05\/tolino-Kampagne-2024-Manga-1.png 1650w\" sizes=\"(max-width: 1024px) 100vw, 1024px\" \/>                    <\/div>\r\n                    \r\n                                      <\/div>\r\n\r\n                  \r\n            <\/div>\r\n\r\n            <div class=\"slider-arrows\">\r\n              <div class=\"slider-arrow-prev\">\r\n                <img decoding=\"async\" src=\"https:\/\/www.libri.de\/wp-content\/themes\/libri\/img\/icn-arrow-right.svg\" alt=\"\">\r\n              <\/div>\r\n              <div class=\"slider-arrow-next\">\r\n                <img decoding=\"async\" src=\"https:\/\/www.libri.de\/wp-content\/themes\/libri\/img\/icn-arrow-right.svg\" alt=\"\">\r\n              <\/div>\r\n            <\/div>\r\n          <\/div>\r\n\r\n          <div class=\"slider-indicator-wrapper\">\r\n            <div class=\"slider-indicator d-flex justify-content-center\">\r\n              <div class=\"slider-point active\" data-index=\"1\"><\/div><div class=\"slider-point\" data-index=\"2\"><\/div><div class=\"slider-point\" data-index=\"3\"><\/div><div class=\"slider-point\" data-index=\"4\"><\/div><div class=\"slider-point\" data-index=\"5\"><\/div>            <\/div>\r\n          <\/div>\r\n\r\n        \r\n      <\/div>\r\n\r\n    <\/div>\r\n  <\/div>\r\n<\/div>\r\n\r\n\n\n\r\n<div id=\"box-block_4056c65db2df6f20ca0fe61bb1b9a6b3\" class=\"block-box type-info\">\r\n\r\n  <div class=\"container\">\r\n    <div class=\"box-teaser\">\r\n      <div class=\"icon icon-info\"><\/div>\r\n      <div class=\"text\">\r\n        <p><strong>Trend-Tipp:<\/strong> Legen Sie die farbelhaften tolino-Sticker in Ihrer Buchhandlung aus und dekorieren Sie Ihr Vorf\u00fchrger\u00e4t.<\/p>\n      <\/div>\r\n              <div>\r\n          <a href=\"https:\/\/support.libri.de\/de\/support\/solutions\/articles\/101000493765-tolino-werbemittel-pos-\" class=\"link\" target=\"\" >\r\n            <span class=\"title\">tolino-Sticker jetzt bestellen!<\/span><span class=\"after\"> ><\/span>\r\n          <\/a>\r\n        <\/div>\r\n          <\/div>\r\n  <\/div>\r\n<\/div>\r\n\r\n\n\n\r\n<div id=\"text-block_06ad400a8e92a7f913e0b01f1b9db9aa\" class=\"block-text module type-text bc-trans\">\r\n  <div class=\"container\">\r\n\r\n    \r\n      <div class=\"row \">\r\n\r\n        \r\n        <div class=\"col-12 col-md-9\">\r\n\r\n          \r\n          <div class=\"text for-box-js\">\r\n            <h3>#bookish &#8211; Decorate your tolino!<\/h3>\n<p>Seit Monaten der Trend auf Bookstagram (<a href=\"https:\/\/www.instagram.com\/explore\/tags\/kindlesticker\/\">Instagram<\/a>) und <a href=\"https:\/\/www.libri.de\/de\/magazin\/booktok-was-ist-das-ueberhaupt\/\" target=\"_blank\" rel=\"noopener\">BookTok<\/a> (<a href=\"https:\/\/www.tiktok.com\/tag\/kindlestickers\">TikTok<\/a>): <strong>#kindlestickers<\/strong>. Doch was ist mit #kindlestickers gemeint? Junge eReader-Lesende gestalten mit viel Liebe zum Detail die R\u00fcckseite und \/ oder Schutzh\u00fclle ihrer (kindle) eReader mit Stickern. Von girly (ganz viel rosa) bis hin zu Dark Academia Vibes (\u00fcberwiegend dunkle Naturt\u00f6ne) &#8211; der Fantasie sind dabei keine Grenzen gesetzt.<\/p>\n          <\/div>\r\n\r\n          \r\n          \r\n        <\/div>\r\n        \r\n      <\/div>\r\n\r\n    \r\n  <\/div>\r\n<\/div>\r\n\r\n\n\n\r\n<div id=\"text-block_1f23d408ca31765fb640ffb6388bc6b5\" class=\"block-text module type-img-text bc-trans\">\r\n  <div class=\"container\">\r\n\r\n    \r\n      <div class=\"row \">\r\n\r\n        \r\n          <div class=\"col-12 col-md-6 col-xl-5\">\r\n            <div class=\"image square\">\r\n              <img decoding=\"async\" width=\"650\" height=\"900\" src=\"https:\/\/www.libri.de\/wp-content\/uploads\/2024\/05\/tolino-tolino-Stickers-650x900-1.png\" class=\"attachment-medium_large size-medium_large\" alt=\"#bookish - decorate your eReader - tolino Stickers - image\" srcset=\"https:\/\/www.libri.de\/wp-content\/uploads\/2024\/05\/tolino-tolino-Stickers-650x900-1.png 650w, https:\/\/www.libri.de\/wp-content\/uploads\/2024\/05\/tolino-tolino-Stickers-650x900-1-217x300.png 217w\" sizes=\"(max-width: 650px) 100vw, 650px\" \/>            <\/div>\r\n                          <span class=\"caption\">Jetzt die neuen tolino-eReader mit den farbelhaften tolino-Stickern gestalten!<\/span>\r\n                      <\/div>\r\n\r\n          <div class=\"d-none d-xl-block col-1\"><\/div>\r\n\r\n        \r\n        <div class=\"col-12 col-md-6 col-xl-5\">\r\n\r\n          \r\n          <div class=\"text \">\r\n            <p>Aber eins haben alle gemeinsam: die Liebe zum digitalen Buch. Ein cooler Trend, der sich lohnt mitzumachen! Die tolino-Allianz hat hierf\u00fcr farbul\u00f6se <strong>#tolinostickers<\/strong> designen lassen, mit den man die neuen tolino-Ger\u00e4te versch\u00f6nern kann. Die positivste Resonanz erh\u00e4lt der Drachensticker &#8211; <em>I AM A BOOK DRAGON NOT A WORM<\/em>.<\/p>\n          <\/div>\r\n\r\n          \r\n          \r\n        <\/div>\r\n        \r\n      <\/div>\r\n\r\n    \r\n  <\/div>\r\n<\/div>\r\n\r\n","protected":false},"excerpt":{"rendered":"<p>Libris Online-Veranstaltung gab Buchh\u00e4ndler*innen wichtige Informationen zu den neuen tolino-eReadern und konkrete Verkaufsargumente an die Hand. Das Wichtigste in K\u00fcrze zusammengefasst.<\/p>\n","protected":false},"author":33,"featured_media":68295,"comment_status":"open","ping_status":"open","sticky":false,"template":"","format":"standard","meta":{"_acf_changed":false,"footnotes":""},"categories":[3],"tags":[50],"class_list":["post-68018","post","type-post","status-publish","format-standard","has-post-thumbnail","hentry","category-leistungen-entdecken","tag-tolino"],"acf":[],"yoast_head":"<!-- This site is optimized with the Yoast SEO plugin v27.0 - https:\/\/yoast.com\/product\/yoast-seo-wordpress\/ -->\n<title>tolino-eReader jetzt mit Farbdisplay | Libri GmbH<\/title>\n<meta name=\"description\" content=\"Die tolino-Familie hat Zuwachs bekommen: Die neuen tolino-eReader begeistern mit Farbdisplay, neuen Funktionen und neuer Software.\" \/>\n<meta name=\"robots\" content=\"index, follow, max-snippet:-1, max-image-preview:large, max-video-preview:-1\" \/>\n<link rel=\"canonical\" href=\"https:\/\/www.libri.de\/de\/magazin\/die-neuen-tolino-ereader-jetzt-mit-farbdisplay-und-neuer-software\/\" \/>\n<meta property=\"og:locale\" content=\"de_DE\" \/>\n<meta property=\"og:type\" content=\"article\" \/>\n<meta property=\"og:title\" content=\"tolino-eReader jetzt mit Farbdisplay | Libri GmbH\" \/>\n<meta property=\"og:description\" content=\"Die tolino-Familie hat Zuwachs bekommen: Die neuen tolino-eReader begeistern mit Farbdisplay, neuen Funktionen und neuer Software.\" \/>\n<meta property=\"og:url\" content=\"https:\/\/www.libri.de\/de\/magazin\/die-neuen-tolino-ereader-jetzt-mit-farbdisplay-und-neuer-software\/\" \/>\n<meta property=\"og:site_name\" content=\"Libri GmbH\" \/>\n<meta property=\"article:publisher\" content=\"https:\/\/www.facebook.com\/libribarsortiment\" \/>\n<meta property=\"article:published_time\" content=\"2024-05-29T12:20:10+00:00\" \/>\n<meta property=\"article:modified_time\" content=\"2025-10-10T12:40:28+00:00\" \/>\n<meta property=\"og:image\" content=\"https:\/\/www.libri.de\/wp-content\/uploads\/2024\/05\/Copy-of-Kopie-von-Header-Blog-Libri.Magazin-1-1024x484.png\" \/>\n\t<meta property=\"og:image:width\" content=\"1024\" \/>\n\t<meta property=\"og:image:height\" content=\"484\" \/>\n\t<meta property=\"og:image:type\" content=\"image\/png\" \/>\n<meta name=\"author\" content=\"Vivian Knapp\" \/>\n<meta name=\"twitter:card\" content=\"summary_large_image\" \/>\n<meta name=\"twitter:label1\" content=\"Verfasst von\" \/>\n\t<meta name=\"twitter:data1\" content=\"Vivian Knapp\" \/>\n\t<meta name=\"twitter:label2\" content=\"Gesch\u00e4tzte Lesezeit\" \/>\n\t<meta name=\"twitter:data2\" content=\"1\u00a0Minute\" \/>\n<script type=\"application\/ld+json\" class=\"yoast-schema-graph\">{\"@context\":\"https:\/\/schema.org\",\"@graph\":[{\"@type\":\"Article\",\"@id\":\"https:\/\/www.libri.de\/de\/magazin\/die-neuen-tolino-ereader-jetzt-mit-farbdisplay-und-neuer-software\/#article\",\"isPartOf\":{\"@id\":\"https:\/\/www.libri.de\/de\/magazin\/die-neuen-tolino-ereader-jetzt-mit-farbdisplay-und-neuer-software\/\"},\"author\":{\"name\":\"Vivian Knapp\",\"@id\":\"https:\/\/www.libri.de\/fr\/#\/schema\/person\/923c813029c028adbbe4796bdb042c3e\"},\"headline\":\"tolino-eReader jetzt mit Farbdisplay\",\"datePublished\":\"2024-05-29T12:20:10+00:00\",\"dateModified\":\"2025-10-10T12:40:28+00:00\",\"mainEntityOfPage\":{\"@id\":\"https:\/\/www.libri.de\/de\/magazin\/die-neuen-tolino-ereader-jetzt-mit-farbdisplay-und-neuer-software\/\"},\"wordCount\":4,\"commentCount\":0,\"publisher\":{\"@id\":\"https:\/\/www.libri.de\/fr\/#organization\"},\"image\":{\"@id\":\"https:\/\/www.libri.de\/de\/magazin\/die-neuen-tolino-ereader-jetzt-mit-farbdisplay-und-neuer-software\/#primaryimage\"},\"thumbnailUrl\":\"https:\/\/www.libri.de\/wp-content\/uploads\/2024\/05\/Copy-of-Kopie-von-Header-Blog-Libri.Magazin-1.png\",\"keywords\":[\"tolino\"],\"articleSection\":[\"Leistungen entdecken\"],\"inLanguage\":\"de\",\"potentialAction\":[{\"@type\":\"CommentAction\",\"name\":\"Comment\",\"target\":[\"https:\/\/www.libri.de\/de\/magazin\/die-neuen-tolino-ereader-jetzt-mit-farbdisplay-und-neuer-software\/#respond\"]}]},{\"@type\":\"WebPage\",\"@id\":\"https:\/\/www.libri.de\/de\/magazin\/die-neuen-tolino-ereader-jetzt-mit-farbdisplay-und-neuer-software\/\",\"url\":\"https:\/\/www.libri.de\/de\/magazin\/die-neuen-tolino-ereader-jetzt-mit-farbdisplay-und-neuer-software\/\",\"name\":\"tolino-eReader jetzt mit Farbdisplay | Libri GmbH\",\"isPartOf\":{\"@id\":\"https:\/\/www.libri.de\/fr\/#website\"},\"primaryImageOfPage\":{\"@id\":\"https:\/\/www.libri.de\/de\/magazin\/die-neuen-tolino-ereader-jetzt-mit-farbdisplay-und-neuer-software\/#primaryimage\"},\"image\":{\"@id\":\"https:\/\/www.libri.de\/de\/magazin\/die-neuen-tolino-ereader-jetzt-mit-farbdisplay-und-neuer-software\/#primaryimage\"},\"thumbnailUrl\":\"https:\/\/www.libri.de\/wp-content\/uploads\/2024\/05\/Copy-of-Kopie-von-Header-Blog-Libri.Magazin-1.png\",\"datePublished\":\"2024-05-29T12:20:10+00:00\",\"dateModified\":\"2025-10-10T12:40:28+00:00\",\"description\":\"Die tolino-Familie hat Zuwachs bekommen: Die neuen tolino-eReader begeistern mit Farbdisplay, neuen Funktionen und neuer Software.\",\"breadcrumb\":{\"@id\":\"https:\/\/www.libri.de\/de\/magazin\/die-neuen-tolino-ereader-jetzt-mit-farbdisplay-und-neuer-software\/#breadcrumb\"},\"inLanguage\":\"de\",\"potentialAction\":[{\"@type\":\"ReadAction\",\"target\":[\"https:\/\/www.libri.de\/de\/magazin\/die-neuen-tolino-ereader-jetzt-mit-farbdisplay-und-neuer-software\/\"]}]},{\"@type\":\"ImageObject\",\"inLanguage\":\"de\",\"@id\":\"https:\/\/www.libri.de\/de\/magazin\/die-neuen-tolino-ereader-jetzt-mit-farbdisplay-und-neuer-software\/#primaryimage\",\"url\":\"https:\/\/www.libri.de\/wp-content\/uploads\/2024\/05\/Copy-of-Kopie-von-Header-Blog-Libri.Magazin-1.png\",\"contentUrl\":\"https:\/\/www.libri.de\/wp-content\/uploads\/2024\/05\/Copy-of-Kopie-von-Header-Blog-Libri.Magazin-1.png\",\"width\":1988,\"height\":940,\"caption\":\"Die neuen tolino-eReader - image\"},{\"@type\":\"BreadcrumbList\",\"@id\":\"https:\/\/www.libri.de\/de\/magazin\/die-neuen-tolino-ereader-jetzt-mit-farbdisplay-und-neuer-software\/#breadcrumb\",\"itemListElement\":[{\"@type\":\"ListItem\",\"position\":1,\"name\":\"Start\",\"item\":\"https:\/\/www.libri.de\/de\/\"},{\"@type\":\"ListItem\",\"position\":2,\"name\":\"tolino-eReader jetzt mit Farbdisplay\"}]},{\"@type\":\"WebSite\",\"@id\":\"https:\/\/www.libri.de\/fr\/#website\",\"url\":\"https:\/\/www.libri.de\/fr\/\",\"name\":\"Libri GmbH\",\"description\":\"Barsortiment und Gro\u00dfhandel f\u00fcr B\u00fccher und andere Medien\",\"publisher\":{\"@id\":\"https:\/\/www.libri.de\/fr\/#organization\"},\"potentialAction\":[{\"@type\":\"SearchAction\",\"target\":{\"@type\":\"EntryPoint\",\"urlTemplate\":\"https:\/\/www.libri.de\/fr\/?s={search_term_string}\"},\"query-input\":{\"@type\":\"PropertyValueSpecification\",\"valueRequired\":true,\"valueName\":\"search_term_string\"}}],\"inLanguage\":\"de\"},{\"@type\":\"Organization\",\"@id\":\"https:\/\/www.libri.de\/fr\/#organization\",\"name\":\"Libri\",\"url\":\"https:\/\/www.libri.de\/fr\/\",\"logo\":{\"@type\":\"ImageObject\",\"inLanguage\":\"de\",\"@id\":\"https:\/\/www.libri.de\/fr\/#\/schema\/logo\/image\/\",\"url\":\"https:\/\/188.64.195.32\/wp-content\/uploads\/2022\/04\/libri_logo-1.jpg\",\"contentUrl\":\"https:\/\/188.64.195.32\/wp-content\/uploads\/2022\/04\/libri_logo-1.jpg\",\"width\":2000,\"height\":1000,\"caption\":\"Libri\"},\"image\":{\"@id\":\"https:\/\/www.libri.de\/fr\/#\/schema\/logo\/image\/\"},\"sameAs\":[\"https:\/\/www.facebook.com\/libribarsortiment\",\"https:\/\/www.instagram.com\/libri.barsortiment\",\"https:\/\/www.linkedin.com\/company\/libri-gmbh\"]},{\"@type\":\"Person\",\"@id\":\"https:\/\/www.libri.de\/fr\/#\/schema\/person\/923c813029c028adbbe4796bdb042c3e\",\"name\":\"Vivian Knapp\",\"image\":{\"@type\":\"ImageObject\",\"inLanguage\":\"de\",\"@id\":\"https:\/\/www.libri.de\/fr\/#\/schema\/person\/image\/\",\"url\":\"https:\/\/secure.gravatar.com\/avatar\/5547c3889049fb59209d1c364ca3722a3842f133b8cfcc3d3f97fa058b6f4c2b?s=96&d=mm&r=g\",\"contentUrl\":\"https:\/\/secure.gravatar.com\/avatar\/5547c3889049fb59209d1c364ca3722a3842f133b8cfcc3d3f97fa058b6f4c2b?s=96&d=mm&r=g\",\"caption\":\"Vivian Knapp\"}}]}<\/script>\n<!-- \/ Yoast SEO plugin. -->","yoast_head_json":{"title":"tolino-eReader jetzt mit Farbdisplay | Libri GmbH","description":"Die tolino-Familie hat Zuwachs bekommen: Die neuen tolino-eReader begeistern mit Farbdisplay, neuen Funktionen und neuer Software.","robots":{"index":"index","follow":"follow","max-snippet":"max-snippet:-1","max-image-preview":"max-image-preview:large","max-video-preview":"max-video-preview:-1"},"canonical":"https:\/\/www.libri.de\/de\/magazin\/die-neuen-tolino-ereader-jetzt-mit-farbdisplay-und-neuer-software\/","og_locale":"de_DE","og_type":"article","og_title":"tolino-eReader jetzt mit Farbdisplay | Libri GmbH","og_description":"Die tolino-Familie hat Zuwachs bekommen: Die neuen tolino-eReader begeistern mit Farbdisplay, neuen Funktionen und neuer Software.","og_url":"https:\/\/www.libri.de\/de\/magazin\/die-neuen-tolino-ereader-jetzt-mit-farbdisplay-und-neuer-software\/","og_site_name":"Libri GmbH","article_publisher":"https:\/\/www.facebook.com\/libribarsortiment","article_published_time":"2024-05-29T12:20:10+00:00","article_modified_time":"2025-10-10T12:40:28+00:00","og_image":[{"width":1024,"height":484,"url":"https:\/\/www.libri.de\/wp-content\/uploads\/2024\/05\/Copy-of-Kopie-von-Header-Blog-Libri.Magazin-1-1024x484.png","type":"image\/png"}],"author":"Vivian Knapp","twitter_card":"summary_large_image","twitter_misc":{"Verfasst von":"Vivian Knapp","Gesch\u00e4tzte Lesezeit":"1\u00a0Minute"},"schema":{"@context":"https:\/\/schema.org","@graph":[{"@type":"Article","@id":"https:\/\/www.libri.de\/de\/magazin\/die-neuen-tolino-ereader-jetzt-mit-farbdisplay-und-neuer-software\/#article","isPartOf":{"@id":"https:\/\/www.libri.de\/de\/magazin\/die-neuen-tolino-ereader-jetzt-mit-farbdisplay-und-neuer-software\/"},"author":{"name":"Vivian Knapp","@id":"https:\/\/www.libri.de\/fr\/#\/schema\/person\/923c813029c028adbbe4796bdb042c3e"},"headline":"tolino-eReader jetzt mit Farbdisplay","datePublished":"2024-05-29T12:20:10+00:00","dateModified":"2025-10-10T12:40:28+00:00","mainEntityOfPage":{"@id":"https:\/\/www.libri.de\/de\/magazin\/die-neuen-tolino-ereader-jetzt-mit-farbdisplay-und-neuer-software\/"},"wordCount":4,"commentCount":0,"publisher":{"@id":"https:\/\/www.libri.de\/fr\/#organization"},"image":{"@id":"https:\/\/www.libri.de\/de\/magazin\/die-neuen-tolino-ereader-jetzt-mit-farbdisplay-und-neuer-software\/#primaryimage"},"thumbnailUrl":"https:\/\/www.libri.de\/wp-content\/uploads\/2024\/05\/Copy-of-Kopie-von-Header-Blog-Libri.Magazin-1.png","keywords":["tolino"],"articleSection":["Leistungen entdecken"],"inLanguage":"de","potentialAction":[{"@type":"CommentAction","name":"Comment","target":["https:\/\/www.libri.de\/de\/magazin\/die-neuen-tolino-ereader-jetzt-mit-farbdisplay-und-neuer-software\/#respond"]}]},{"@type":"WebPage","@id":"https:\/\/www.libri.de\/de\/magazin\/die-neuen-tolino-ereader-jetzt-mit-farbdisplay-und-neuer-software\/","url":"https:\/\/www.libri.de\/de\/magazin\/die-neuen-tolino-ereader-jetzt-mit-farbdisplay-und-neuer-software\/","name":"tolino-eReader jetzt mit Farbdisplay | Libri GmbH","isPartOf":{"@id":"https:\/\/www.libri.de\/fr\/#website"},"primaryImageOfPage":{"@id":"https:\/\/www.libri.de\/de\/magazin\/die-neuen-tolino-ereader-jetzt-mit-farbdisplay-und-neuer-software\/#primaryimage"},"image":{"@id":"https:\/\/www.libri.de\/de\/magazin\/die-neuen-tolino-ereader-jetzt-mit-farbdisplay-und-neuer-software\/#primaryimage"},"thumbnailUrl":"https:\/\/www.libri.de\/wp-content\/uploads\/2024\/05\/Copy-of-Kopie-von-Header-Blog-Libri.Magazin-1.png","datePublished":"2024-05-29T12:20:10+00:00","dateModified":"2025-10-10T12:40:28+00:00","description":"Die tolino-Familie hat Zuwachs bekommen: Die neuen tolino-eReader begeistern mit Farbdisplay, neuen Funktionen und neuer Software.","breadcrumb":{"@id":"https:\/\/www.libri.de\/de\/magazin\/die-neuen-tolino-ereader-jetzt-mit-farbdisplay-und-neuer-software\/#breadcrumb"},"inLanguage":"de","potentialAction":[{"@type":"ReadAction","target":["https:\/\/www.libri.de\/de\/magazin\/die-neuen-tolino-ereader-jetzt-mit-farbdisplay-und-neuer-software\/"]}]},{"@type":"ImageObject","inLanguage":"de","@id":"https:\/\/www.libri.de\/de\/magazin\/die-neuen-tolino-ereader-jetzt-mit-farbdisplay-und-neuer-software\/#primaryimage","url":"https:\/\/www.libri.de\/wp-content\/uploads\/2024\/05\/Copy-of-Kopie-von-Header-Blog-Libri.Magazin-1.png","contentUrl":"https:\/\/www.libri.de\/wp-content\/uploads\/2024\/05\/Copy-of-Kopie-von-Header-Blog-Libri.Magazin-1.png","width":1988,"height":940,"caption":"Die neuen tolino-eReader - image"},{"@type":"BreadcrumbList","@id":"https:\/\/www.libri.de\/de\/magazin\/die-neuen-tolino-ereader-jetzt-mit-farbdisplay-und-neuer-software\/#breadcrumb","itemListElement":[{"@type":"ListItem","position":1,"name":"Start","item":"https:\/\/www.libri.de\/de\/"},{"@type":"ListItem","position":2,"name":"tolino-eReader jetzt mit Farbdisplay"}]},{"@type":"WebSite","@id":"https:\/\/www.libri.de\/fr\/#website","url":"https:\/\/www.libri.de\/fr\/","name":"Libri GmbH","description":"Barsortiment und Gro\u00dfhandel f\u00fcr B\u00fccher und andere Medien","publisher":{"@id":"https:\/\/www.libri.de\/fr\/#organization"},"potentialAction":[{"@type":"SearchAction","target":{"@type":"EntryPoint","urlTemplate":"https:\/\/www.libri.de\/fr\/?s={search_term_string}"},"query-input":{"@type":"PropertyValueSpecification","valueRequired":true,"valueName":"search_term_string"}}],"inLanguage":"de"},{"@type":"Organization","@id":"https:\/\/www.libri.de\/fr\/#organization","name":"Libri","url":"https:\/\/www.libri.de\/fr\/","logo":{"@type":"ImageObject","inLanguage":"de","@id":"https:\/\/www.libri.de\/fr\/#\/schema\/logo\/image\/","url":"https:\/\/188.64.195.32\/wp-content\/uploads\/2022\/04\/libri_logo-1.jpg","contentUrl":"https:\/\/188.64.195.32\/wp-content\/uploads\/2022\/04\/libri_logo-1.jpg","width":2000,"height":1000,"caption":"Libri"},"image":{"@id":"https:\/\/www.libri.de\/fr\/#\/schema\/logo\/image\/"},"sameAs":["https:\/\/www.facebook.com\/libribarsortiment","https:\/\/www.instagram.com\/libri.barsortiment","https:\/\/www.linkedin.com\/company\/libri-gmbh"]},{"@type":"Person","@id":"https:\/\/www.libri.de\/fr\/#\/schema\/person\/923c813029c028adbbe4796bdb042c3e","name":"Vivian Knapp","image":{"@type":"ImageObject","inLanguage":"de","@id":"https:\/\/www.libri.de\/fr\/#\/schema\/person\/image\/","url":"https:\/\/secure.gravatar.com\/avatar\/5547c3889049fb59209d1c364ca3722a3842f133b8cfcc3d3f97fa058b6f4c2b?s=96&d=mm&r=g","contentUrl":"https:\/\/secure.gravatar.com\/avatar\/5547c3889049fb59209d1c364ca3722a3842f133b8cfcc3d3f97fa058b6f4c2b?s=96&d=mm&r=g","caption":"Vivian Knapp"}}]}},"_links":{"self":[{"href":"https:\/\/www.libri.de\/de\/wp-json\/wp\/v2\/posts\/68018","targetHints":{"allow":["GET"]}}],"collection":[{"href":"https:\/\/www.libri.de\/de\/wp-json\/wp\/v2\/posts"}],"about":[{"href":"https:\/\/www.libri.de\/de\/wp-json\/wp\/v2\/types\/post"}],"author":[{"embeddable":true,"href":"https:\/\/www.libri.de\/de\/wp-json\/wp\/v2\/users\/33"}],"replies":[{"embeddable":true,"href":"https:\/\/www.libri.de\/de\/wp-json\/wp\/v2\/comments?post=68018"}],"version-history":[{"count":1,"href":"https:\/\/www.libri.de\/de\/wp-json\/wp\/v2\/posts\/68018\/revisions"}],"predecessor-version":[{"id":78100,"href":"https:\/\/www.libri.de\/de\/wp-json\/wp\/v2\/posts\/68018\/revisions\/78100"}],"wp:featuredmedia":[{"embeddable":true,"href":"https:\/\/www.libri.de\/de\/wp-json\/wp\/v2\/media\/68295"}],"wp:attachment":[{"href":"https:\/\/www.libri.de\/de\/wp-json\/wp\/v2\/media?parent=68018"}],"wp:term":[{"taxonomy":"category","embeddable":true,"href":"https:\/\/www.libri.de\/de\/wp-json\/wp\/v2\/categories?post=68018"},{"taxonomy":"post_tag","embeddable":true,"href":"https:\/\/www.libri.de\/de\/wp-json\/wp\/v2\/tags?post=68018"}],"curies":[{"name":"wp","href":"https:\/\/api.w.org\/{rel}","templated":true}]}}