{"id":40024,"date":"2022-05-18T14:51:07","date_gmt":"2022-05-18T12:51:07","guid":{"rendered":"https:\/\/www.libri.de\/?p=40024"},"modified":"2022-05-23T10:24:08","modified_gmt":"2022-05-23T08:24:08","slug":"ueber-wiedersehen-werte-und-strahlende-gesichter","status":"publish","type":"post","link":"https:\/\/www.libri.de\/de\/magazin\/ueber-wiedersehen-werte-und-strahlende-gesichter\/","title":{"rendered":"\u00dcber Wiedersehen, Werte und strahlende Gesichter"},"content":{"rendered":"\r\n<div id=\"text-block_6284d6a397c7c\" class=\"block-text module type-text bc-trans\">\r\n  <div class=\"container\">\r\n\r\n    \r\n      <div class=\"row \">\r\n\r\n        \r\n        <div class=\"col-12 col-md-9\">\r\n\r\n          \r\n          <div class=\"text for-box-js\">\r\n            <p>Eine besondere Stimmung lag am 12. und 13. Mai in der Schilde-Halle in Bad Hersfeld in der Luft: Die Freude, sich nach zwei Jahren digitalen Libri.Campus live wieder vor Ort zu treffen, \u00a0war riesig. Die vielen wertvollen Vortr\u00e4ge und Impulse stillten nicht nur den Wissensdurst: Immer gr\u00f6\u00dfer wurde das Kribbeln, zuhause direkt einige Ideen von der Libri.Campus-B\u00fchne umzusetzen!<\/p>\n<p>Robert Duchstein, Gesch\u00e4ftsf\u00fchrer der Buchhandlung Reuffel, Koblenz, f\u00fchrte wie gewohnt l\u00e4ssig auf der Laufsteg-B\u00fchne durch das volle Programm zwischen Vortr\u00e4gen, Podiumsdiskussionen und Dialogrunden. Ganz praxisnahe Impulse erhielten die G\u00e4ste von 13 Buchhandlungen, die bereits im Vorfeld zum Motto \u201eWerte. Wirkung. Handeln. F\u00fcr das Buch und die Gesellschaft\u201c gearbeitet hatten, \u00a0und nun ihre Ideen f\u00fcr einen \u00f6kologisch, \u00f6konomisch und sozial nachhaltigen Buchhandel \u00a0vorstellten. Dabei hatten sie sich an den 17 Nachhaltigkeitszielen der UN orientiert. Nach ihren Kurzvorstellungen auf der B\u00fchne gaben die anschlie\u00dfenden Dialogrunden Zeit und Raum, miteinander in den Austausch zu kommen. Sp\u00e4testens danach sah man viele inspirierte Buchh\u00e4ndler*innen mit gro\u00dfem Elan bereits erste Pl\u00e4ne f\u00fcr ihre Buchhandlung vor Ort schmieden.<\/p>\n          <\/div>\r\n\r\n          \r\n          \r\n        <\/div>\r\n        \r\n      <\/div>\r\n\r\n    \r\n  <\/div>\r\n<\/div>\r\n\r\n\n\n\r\n<div id=\"image-block_6284d6b397c7d\" class=\"block-image module type-default bc-trans\">\r\n\r\n      <div class=\"container\">\r\n      <div class=\"row\">\r\n        <div class=\"col-12 col-md-9\">\r\n          \r\n          <div class=\"row\">\r\n\r\n                          <div class=\"col\">\r\n                <img decoding=\"async\" width=\"1024\" height=\"683\" src=\"https:\/\/www.libri.de\/wp-content\/uploads\/2022\/05\/LibriCampus22_PhilippBoegle-2732-1024x683.jpg\" class=\"attachment-large size-large\" alt=\"\" srcset=\"https:\/\/www.libri.de\/wp-content\/uploads\/2022\/05\/LibriCampus22_PhilippBoegle-2732-1024x683.jpg 1024w, https:\/\/www.libri.de\/wp-content\/uploads\/2022\/05\/LibriCampus22_PhilippBoegle-2732-300x200.jpg 300w, https:\/\/www.libri.de\/wp-content\/uploads\/2022\/05\/LibriCampus22_PhilippBoegle-2732-768x512.jpg 768w, https:\/\/www.libri.de\/wp-content\/uploads\/2022\/05\/LibriCampus22_PhilippBoegle-2732.jpg 1152w\" sizes=\"(max-width: 1024px) 100vw, 1024px\" \/>              <\/div>\r\n                        \r\n                          <div class=\"col-6\">\r\n                <img decoding=\"async\" width=\"1024\" height=\"683\" src=\"https:\/\/www.libri.de\/wp-content\/uploads\/2022\/05\/LibriCampus22_PhilippBoegle-1745-1024x683.jpg\" class=\"attachment-large size-large\" alt=\"\" srcset=\"https:\/\/www.libri.de\/wp-content\/uploads\/2022\/05\/LibriCampus22_PhilippBoegle-1745-1024x683.jpg 1024w, https:\/\/www.libri.de\/wp-content\/uploads\/2022\/05\/LibriCampus22_PhilippBoegle-1745-300x200.jpg 300w, https:\/\/www.libri.de\/wp-content\/uploads\/2022\/05\/LibriCampus22_PhilippBoegle-1745-768x512.jpg 768w, https:\/\/www.libri.de\/wp-content\/uploads\/2022\/05\/LibriCampus22_PhilippBoegle-1745.jpg 1152w\" sizes=\"(max-width: 1024px) 100vw, 1024px\" \/>              <\/div>\r\n            \r\n          <\/div>\r\n\r\n          <div class=\"row\">\r\n\r\n                          <div class=\"col caption\">\r\n                Bei den Vortr\u00e4gen und Diskussionen sammelten              <\/div>\r\n                        \r\n                          <div class=\"col-6 caption\">\r\n                die G\u00e4ste viele Ideen.               <\/div>\r\n            \r\n          <\/div>\r\n\r\n        <\/div>\r\n      <\/div>\r\n    <\/div>\r\n\r\n   \r\n  \r\n<\/div>\r\n\r\n\n\n\r\n<div id=\"image-block_6284e4b697c88\" class=\"block-image module type-default bc-trans\">\r\n\r\n      <div class=\"container\">\r\n      <div class=\"row\">\r\n        <div class=\"col-12 col-md-9\">\r\n          \r\n          <div class=\"row\">\r\n\r\n                          <div class=\"col\">\r\n                <img decoding=\"async\" width=\"1024\" height=\"683\" src=\"https:\/\/www.libri.de\/wp-content\/uploads\/2022\/05\/LibriCampus22_PhilippBoegle-5475-1024x683.jpg\" class=\"attachment-large size-large\" alt=\"\" srcset=\"https:\/\/www.libri.de\/wp-content\/uploads\/2022\/05\/LibriCampus22_PhilippBoegle-5475-1024x683.jpg 1024w, https:\/\/www.libri.de\/wp-content\/uploads\/2022\/05\/LibriCampus22_PhilippBoegle-5475-300x200.jpg 300w, https:\/\/www.libri.de\/wp-content\/uploads\/2022\/05\/LibriCampus22_PhilippBoegle-5475-768x512.jpg 768w, https:\/\/www.libri.de\/wp-content\/uploads\/2022\/05\/LibriCampus22_PhilippBoegle-5475.jpg 1152w\" sizes=\"(max-width: 1024px) 100vw, 1024px\" \/>              <\/div>\r\n                        \r\n                          <div class=\"col-6\">\r\n                <img decoding=\"async\" width=\"1024\" height=\"683\" src=\"https:\/\/www.libri.de\/wp-content\/uploads\/2022\/05\/LibriCampus22_PhilippBoegle-2053-1-1024x683.jpg\" class=\"attachment-large size-large\" alt=\"\" srcset=\"https:\/\/www.libri.de\/wp-content\/uploads\/2022\/05\/LibriCampus22_PhilippBoegle-2053-1-1024x683.jpg 1024w, https:\/\/www.libri.de\/wp-content\/uploads\/2022\/05\/LibriCampus22_PhilippBoegle-2053-1-300x200.jpg 300w, https:\/\/www.libri.de\/wp-content\/uploads\/2022\/05\/LibriCampus22_PhilippBoegle-2053-1-768x512.jpg 768w, https:\/\/www.libri.de\/wp-content\/uploads\/2022\/05\/LibriCampus22_PhilippBoegle-2053-1.jpg 1152w\" sizes=\"(max-width: 1024px) 100vw, 1024px\" \/>              <\/div>\r\n            \r\n          <\/div>\r\n\r\n          <div class=\"row\">\r\n\r\n                        \r\n            \r\n          <\/div>\r\n\r\n        <\/div>\r\n      <\/div>\r\n    <\/div>\r\n\r\n   \r\n  \r\n<\/div>\r\n\r\n\n\n\r\n<div id=\"text-block_6284d72a97c7e\" class=\"block-text module type-text bc-trans\">\r\n  <div class=\"container\">\r\n\r\n    \r\n      <div class=\"row \">\r\n\r\n        \r\n        <div class=\"col-12 col-md-9\">\r\n\r\n          \r\n          <div class=\"text for-box-js\">\r\n            <p>\u201e<em>Der Inhalt der Diskussionen ist klasse, die Stimmung ist inspirierend. Ich werde hier ganz viel an Ideen und Impulsen mitnehmen!<\/em>\u201c, sagte Teilnehmerin Anne L\u00f6sch, Buchhandlung CoLibri.<\/p>\n<p>Auch in der kleinen Fotoecke mit Fotobox waren strahlende Gesichter zu sehen, die sich freuten, bekannte Kolleg*innen aus ganz Deutschland wiederzusehen und sich mit ihnen auszutauschen.<\/p>\n          <\/div>\r\n\r\n          \r\n          \r\n        <\/div>\r\n        \r\n      <\/div>\r\n\r\n    \r\n  <\/div>\r\n<\/div>\r\n\r\n\n\n\r\n<div id=\"image-block_6284d73e97c7f\" class=\"block-image module type-default bc-trans\">\r\n\r\n      <div class=\"container\">\r\n      <div class=\"row\">\r\n        <div class=\"col-12 col-md-9\">\r\n          \r\n          <div class=\"row\">\r\n\r\n                          <div class=\"col\">\r\n                <img decoding=\"async\" width=\"1024\" height=\"683\" src=\"https:\/\/www.libri.de\/wp-content\/uploads\/2022\/05\/LibriCampus22_PhilippBoegle-3992-1024x683.jpg\" class=\"attachment-large size-large\" alt=\"\" srcset=\"https:\/\/www.libri.de\/wp-content\/uploads\/2022\/05\/LibriCampus22_PhilippBoegle-3992-1024x683.jpg 1024w, https:\/\/www.libri.de\/wp-content\/uploads\/2022\/05\/LibriCampus22_PhilippBoegle-3992-300x200.jpg 300w, https:\/\/www.libri.de\/wp-content\/uploads\/2022\/05\/LibriCampus22_PhilippBoegle-3992-768x512.jpg 768w, https:\/\/www.libri.de\/wp-content\/uploads\/2022\/05\/LibriCampus22_PhilippBoegle-3992.jpg 1152w\" sizes=\"(max-width: 1024px) 100vw, 1024px\" \/>              <\/div>\r\n                        \r\n            \r\n          <\/div>\r\n\r\n          <div class=\"row\">\r\n\r\n                          <div class=\"col caption\">\r\n                Nicht nur bei der Fotobox gab es strahlende Gesichter              <\/div>\r\n                        \r\n            \r\n          <\/div>\r\n\r\n        <\/div>\r\n      <\/div>\r\n    <\/div>\r\n\r\n   \r\n  \r\n<\/div>\r\n\r\n\n\n\r\n<div id=\"text-block_6284d74a97c80\" class=\"block-text module type-text bc-trans\">\r\n  <div class=\"container\">\r\n\r\n    \r\n      <div class=\"row \">\r\n\r\n        \r\n        <div class=\"col-12 col-md-9\">\r\n\r\n          \r\n          <div class=\"text for-box-js\">\r\n            <p>F\u00fcr viele Teilnehmende war die F\u00fchrung durch das neue Druck- und Logistikzentrum PLUREOS auf dem Werksgel\u00e4nde von Libri ein besonderes Highlight. Hier gab es spannende Einblicke in den digitalen Buchdruck und die Verheiratung mit der Barsortimentslogistik.<\/p>\n<p>\u201e<em>Die Expert*innen an den einzelnen Stationen der Herstellung und Kommissionierung war anzumerken, dass sie an der Planung und Umsetzung des Druckzentrums von Anfang an beteiligt waren und jetzt m\u00e4chtig stolz sind, dass die Abl\u00e4ufe schon jetzt so reibungslos funktionieren.<\/em>\u201c, staunt Peter H\u00f6gn, der als Kundenberater von Libri seine Buchh\u00e4ndler*innen durch die Produktionshallen begleitete.<\/p>\n          <\/div>\r\n\r\n          \r\n          \r\n        <\/div>\r\n        \r\n      <\/div>\r\n\r\n    \r\n  <\/div>\r\n<\/div>\r\n\r\n\n\n\r\n<div id=\"image-block_6284d75397c81\" class=\"block-image module type-default bc-trans\">\r\n\r\n      <div class=\"container\">\r\n      <div class=\"row\">\r\n        <div class=\"col-12 col-md-9\">\r\n          \r\n          <div class=\"row\">\r\n\r\n                          <div class=\"col\">\r\n                <img decoding=\"async\" width=\"1024\" height=\"683\" src=\"https:\/\/www.libri.de\/wp-content\/uploads\/2022\/05\/LibriCampus22_PhilippBoegle-3725-1024x683.jpg\" class=\"attachment-large size-large\" alt=\"\" srcset=\"https:\/\/www.libri.de\/wp-content\/uploads\/2022\/05\/LibriCampus22_PhilippBoegle-3725-1024x683.jpg 1024w, https:\/\/www.libri.de\/wp-content\/uploads\/2022\/05\/LibriCampus22_PhilippBoegle-3725-300x200.jpg 300w, https:\/\/www.libri.de\/wp-content\/uploads\/2022\/05\/LibriCampus22_PhilippBoegle-3725-768x512.jpg 768w, https:\/\/www.libri.de\/wp-content\/uploads\/2022\/05\/LibriCampus22_PhilippBoegle-3725.jpg 1152w\" sizes=\"(max-width: 1024px) 100vw, 1024px\" \/>              <\/div>\r\n                        \r\n                          <div class=\"col-6\">\r\n                <img decoding=\"async\" width=\"1024\" height=\"683\" src=\"https:\/\/www.libri.de\/wp-content\/uploads\/2022\/05\/LibriCampus22_PhilippBoegle-3431-1024x683.jpg\" class=\"attachment-large size-large\" alt=\"\" srcset=\"https:\/\/www.libri.de\/wp-content\/uploads\/2022\/05\/LibriCampus22_PhilippBoegle-3431-1024x683.jpg 1024w, https:\/\/www.libri.de\/wp-content\/uploads\/2022\/05\/LibriCampus22_PhilippBoegle-3431-300x200.jpg 300w, https:\/\/www.libri.de\/wp-content\/uploads\/2022\/05\/LibriCampus22_PhilippBoegle-3431-768x512.jpg 768w, https:\/\/www.libri.de\/wp-content\/uploads\/2022\/05\/LibriCampus22_PhilippBoegle-3431.jpg 1152w\" sizes=\"(max-width: 1024px) 100vw, 1024px\" \/>              <\/div>\r\n            \r\n          <\/div>\r\n\r\n          <div class=\"row\">\r\n\r\n                          <div class=\"col caption\">\r\n                Spannende Einblicke in das Druck- und Logistikzentrum von PLUREOS              <\/div>\r\n                        \r\n            \r\n          <\/div>\r\n\r\n        <\/div>\r\n      <\/div>\r\n    <\/div>\r\n\r\n   \r\n  \r\n<\/div>\r\n\r\n\n\n\r\n<div id=\"text-block_6284d75b97c82\" class=\"block-text module type-text bc-trans\">\r\n  <div class=\"container\">\r\n\r\n    \r\n      <div class=\"row \">\r\n\r\n        \r\n        <div class=\"col-12 col-md-9\">\r\n\r\n          \r\n          <div class=\"text for-box-js\">\r\n            <p>Anschlie\u00dfend trafen sich alle wieder in der Schilde-Halle zum gemeinsamen Abendessen und Dance &amp; Drinks.<\/p>\n<p>Sp\u00e4testens mit der tollen Live-Musik mit S\u00e4ngerin, Trompete und DJ entstanden neue Bekannt- und Freundschaften \u00fcber das Berufliche hinaus. Vielfach gelobt wurde das schmackhafte Bier der ersten gemeinwohlorientierten Brauerei Deutschlands, die Quartiermeister aus Berlin. Auch das regional und saisonal ausgerichtete bunte Buffet mit gro\u00dfer vegetarischer Auswahl fand viel Zuspruch.<\/p>\n          <\/div>\r\n\r\n          \r\n          \r\n        <\/div>\r\n        \r\n      <\/div>\r\n\r\n    \r\n  <\/div>\r\n<\/div>\r\n\r\n\n\n\r\n<div id=\"image-block_6284d76797c83\" class=\"block-image module type-default bc-trans\">\r\n\r\n      <div class=\"container\">\r\n      <div class=\"row\">\r\n        <div class=\"col-12 col-md-9\">\r\n          \r\n          <div class=\"row\">\r\n\r\n                          <div class=\"col\">\r\n                <img decoding=\"async\" width=\"1024\" height=\"683\" src=\"https:\/\/www.libri.de\/wp-content\/uploads\/2022\/05\/LibriCampus22_PhilippBoegle-4388-1024x683.jpg\" class=\"attachment-large size-large\" alt=\"\" srcset=\"https:\/\/www.libri.de\/wp-content\/uploads\/2022\/05\/LibriCampus22_PhilippBoegle-4388-1024x683.jpg 1024w, https:\/\/www.libri.de\/wp-content\/uploads\/2022\/05\/LibriCampus22_PhilippBoegle-4388-300x200.jpg 300w, https:\/\/www.libri.de\/wp-content\/uploads\/2022\/05\/LibriCampus22_PhilippBoegle-4388-768x512.jpg 768w, https:\/\/www.libri.de\/wp-content\/uploads\/2022\/05\/LibriCampus22_PhilippBoegle-4388.jpg 1152w\" sizes=\"(max-width: 1024px) 100vw, 1024px\" \/>              <\/div>\r\n                        \r\n            \r\n          <\/div>\r\n\r\n          <div class=\"row\">\r\n\r\n                          <div class=\"col caption\">\r\n                Nach dem vielen Input tut Bewegung richtig gut!               <\/div>\r\n                        \r\n            \r\n          <\/div>\r\n\r\n        <\/div>\r\n      <\/div>\r\n    <\/div>\r\n\r\n   \r\n  \r\n<\/div>\r\n\r\n\n\n\r\n<div id=\"text-block_6284d78897c84\" class=\"block-text module type-text bc-trans\">\r\n  <div class=\"container\">\r\n\r\n    \r\n      <div class=\"row \">\r\n\r\n        \r\n        <div class=\"col-12 col-md-9\">\r\n\r\n          \r\n          <div class=\"text for-box-js\">\r\n            <p>Die Quartiermeister berichteten am zweiten Tag des Libri.Campus \u00fcber Gesch\u00e4ftsmodell der Gemeinwohlorientierung, so schmeckte das Bier vom Vorabend direkt noch ein bisschen besser.<\/p>\n<p>Am Freitag wurden au\u00dferdem weitere nachhaltige Ideen f\u00fcr den Buchhandel vorgestellt und diskutiert. Auch hier noch einmal ein gro\u00dfes Dankesch\u00f6n an die Arbeitsgruppe, die mit ihren Ideen und Impulsen ganz besonders zum Austausch beigetragen hat.<\/p>\n<p>Es war \u00fcberall sp\u00fcrbar, wie sehr sich die Buchh\u00e4ndler*innen nach Begegnung und pers\u00f6nlichem Austausch gesehnt haben. Umso sch\u00f6ner, dass ihnen der Libri.Campus live 2022 nun endlich den Ort dazu gab. Es wurde begeistert diskutiert, hinterfragt, erkundet und Mut gemacht.<\/p>\n          <\/div>\r\n\r\n          \r\n          \r\n        <\/div>\r\n        \r\n      <\/div>\r\n\r\n    \r\n  <\/div>\r\n<\/div>\r\n\r\n\n\n\r\n<div id=\"image-block_6284d79697c85\" class=\"block-image module type-default bc-trans\">\r\n\r\n      <div class=\"container\">\r\n      <div class=\"row\">\r\n        <div class=\"col-12 col-md-9\">\r\n          \r\n          <div class=\"row\">\r\n\r\n                          <div class=\"col\">\r\n                <img decoding=\"async\" width=\"1024\" height=\"683\" src=\"https:\/\/www.libri.de\/wp-content\/uploads\/2022\/05\/LibriCampus22_PhilippBoegle-5521-1024x683.jpg\" class=\"attachment-large size-large\" alt=\"\" srcset=\"https:\/\/www.libri.de\/wp-content\/uploads\/2022\/05\/LibriCampus22_PhilippBoegle-5521-1024x683.jpg 1024w, https:\/\/www.libri.de\/wp-content\/uploads\/2022\/05\/LibriCampus22_PhilippBoegle-5521-300x200.jpg 300w, https:\/\/www.libri.de\/wp-content\/uploads\/2022\/05\/LibriCampus22_PhilippBoegle-5521-768x512.jpg 768w, https:\/\/www.libri.de\/wp-content\/uploads\/2022\/05\/LibriCampus22_PhilippBoegle-5521.jpg 1152w\" sizes=\"(max-width: 1024px) 100vw, 1024px\" \/>              <\/div>\r\n                        \r\n            \r\n          <\/div>\r\n\r\n          <div class=\"row\">\r\n\r\n                          <div class=\"col caption\">\r\n                An der Feedbackwand gab es viele positive Stimmen zur Veranstaltung.               <\/div>\r\n                        \r\n            \r\n          <\/div>\r\n\r\n        <\/div>\r\n      <\/div>\r\n    <\/div>\r\n\r\n   \r\n  \r\n<\/div>\r\n\r\n\n\n\r\n<div id=\"text-block_6284d7ad97c87\" class=\"block-text module type-text bc-trans\">\r\n  <div class=\"container\">\r\n\r\n    \r\n      <div class=\"row \">\r\n\r\n        \r\n        <div class=\"col-12 col-md-9\">\r\n\r\n          \r\n          <div class=\"text for-box-js\">\r\n            <p>Martin V\u00f6gele von der Buchhandlung Riemann in Coburg, sagte zur Verabschiedung: \u201e<em>Das war der beste Libri.Campus, den ich bislang erlebt habe!<\/em>\u201c<\/p>\n<p>Ein gelungener Libri.Campus live ist nat\u00fcrlich nur so gut, wie seine G\u00e4ste und Referent*innen. Daher gilt ein gro\u00dfer Dank allen, die auf der B\u00fchne standen, den PLUREOS-Kolleg*innen, denen wir \u00fcber die Schulter schauen durften, dem Film- und Fototeam, dem (Technik-)Team der Schilde-Halle und allen Libri-Kolleg*innen, die f\u00fcr einen reibungslosen Ablauf gesorgt haben. Nat\u00fcrlich gilt unser Dank auch allen teilnehmenden Buchh\u00e4ndler*innen, die zum regen Austausch und der gro\u00dfartigen Stimmung beigetragen haben.<\/p>\n<p>Viele Inhalte des 19. Libri.Campus live haben wir Ihnen auf <a href=\"https:\/\/www.libri.de\/de\/fuer-den-handel\/libri-campus\/libri-campus-live-2022\/\">dieser Seite zur Verf\u00fcgung gestellt<\/a> u. a. vollst\u00e4ndige Mitschnitte der Impulsvortr\u00e4ge, alle Ideen f\u00fcr den Buchhandel inkl. Aktionsplakaten zum Download, Bildergalerien. Viel Spa\u00df beim Wieder- oder Nacherleben sowie beim Teilen mit Kolleg*innen!<\/p>\n<p>&nbsp;<\/p>\n          <\/div>\r\n\r\n          \r\n          \r\n        <\/div>\r\n        \r\n      <\/div>\r\n\r\n    \r\n  <\/div>\r\n<\/div>\r\n\r\n","protected":false},"excerpt":{"rendered":"<p>F\u00fcr zwei Tage trafen sich rund 170 Buchh\u00e4ndler*innen zu Impulsen, Inspiration und Austausch beim Libri.Campus live 2022 in Bad Hersfeld. Welche Highlights es gab, lesen Sie hier. <\/p>\n","protected":false},"author":10,"featured_media":40034,"comment_status":"open","ping_status":"open","sticky":false,"template":"","format":"standard","meta":{"_acf_changed":false,"footnotes":""},"categories":[4],"tags":[27],"class_list":["post-40024","post","type-post","status-publish","format-standard","has-post-thumbnail","hentry","category-campus-erleben","tag-libri-campus"],"acf":[],"yoast_head":"<!-- This site is optimized with the Yoast SEO plugin v27.0 - https:\/\/yoast.com\/product\/yoast-seo-wordpress\/ -->\n<title>\u00dcber Wiedersehen, Werte und strahlende Gesichter | Libri GmbH<\/title>\n<meta name=\"robots\" content=\"index, follow, max-snippet:-1, max-image-preview:large, max-video-preview:-1\" \/>\n<link rel=\"canonical\" href=\"https:\/\/www.libri.de\/de\/magazin\/ueber-wiedersehen-werte-und-strahlende-gesichter\/\" \/>\n<meta property=\"og:locale\" content=\"de_DE\" \/>\n<meta property=\"og:type\" content=\"article\" \/>\n<meta property=\"og:title\" content=\"\u00dcber Wiedersehen, Werte und strahlende Gesichter | Libri GmbH\" \/>\n<meta property=\"og:description\" content=\"F\u00fcr zwei Tage trafen sich rund 170 Buchh\u00e4ndler*innen zu Impulsen, Inspiration und Austausch beim Libri.Campus live 2022 in Bad Hersfeld. Welche Highlights es gab, lesen Sie hier.\" \/>\n<meta property=\"og:url\" content=\"https:\/\/www.libri.de\/de\/magazin\/ueber-wiedersehen-werte-und-strahlende-gesichter\/\" \/>\n<meta property=\"og:site_name\" content=\"Libri GmbH\" \/>\n<meta property=\"article:publisher\" content=\"https:\/\/www.facebook.com\/libribarsortiment\" \/>\n<meta property=\"article:published_time\" content=\"2022-05-18T12:51:07+00:00\" \/>\n<meta property=\"article:modified_time\" content=\"2022-05-23T08:24:08+00:00\" \/>\n<meta property=\"og:image\" content=\"https:\/\/www.libri.de\/wp-content\/uploads\/2022\/05\/Libri_Campus_22_Bad_Hersfeld.jpg\" \/>\n\t<meta property=\"og:image:width\" content=\"1988\" \/>\n\t<meta property=\"og:image:height\" content=\"940\" \/>\n\t<meta property=\"og:image:type\" content=\"image\/jpeg\" \/>\n<meta name=\"author\" content=\"admin\" \/>\n<meta name=\"twitter:card\" content=\"summary_large_image\" \/>\n<meta name=\"twitter:label1\" content=\"Verfasst von\" \/>\n\t<meta name=\"twitter:data1\" content=\"admin\" \/>\n<script type=\"application\/ld+json\" class=\"yoast-schema-graph\">{\"@context\":\"https:\/\/schema.org\",\"@graph\":[{\"@type\":\"Article\",\"@id\":\"https:\/\/www.libri.de\/de\/magazin\/ueber-wiedersehen-werte-und-strahlende-gesichter\/#article\",\"isPartOf\":{\"@id\":\"https:\/\/www.libri.de\/de\/magazin\/ueber-wiedersehen-werte-und-strahlende-gesichter\/\"},\"author\":{\"name\":\"admin\",\"@id\":\"https:\/\/www.libri.de\/fr\/#\/schema\/person\/e63eeac12b53ae48de92e0a3f656f40f\"},\"headline\":\"\u00dcber Wiedersehen, Werte und strahlende Gesichter\",\"datePublished\":\"2022-05-18T12:51:07+00:00\",\"dateModified\":\"2022-05-23T08:24:08+00:00\",\"mainEntityOfPage\":{\"@id\":\"https:\/\/www.libri.de\/de\/magazin\/ueber-wiedersehen-werte-und-strahlende-gesichter\/\"},\"wordCount\":6,\"commentCount\":0,\"publisher\":{\"@id\":\"https:\/\/www.libri.de\/fr\/#organization\"},\"image\":{\"@id\":\"https:\/\/www.libri.de\/de\/magazin\/ueber-wiedersehen-werte-und-strahlende-gesichter\/#primaryimage\"},\"thumbnailUrl\":\"https:\/\/www.libri.de\/wp-content\/uploads\/2022\/05\/Libri_Campus_22_Bad_Hersfeld.jpg\",\"keywords\":[\"Libri.Campus\"],\"articleSection\":[\"Campus erleben\"],\"inLanguage\":\"de\",\"potentialAction\":[{\"@type\":\"CommentAction\",\"name\":\"Comment\",\"target\":[\"https:\/\/www.libri.de\/de\/magazin\/ueber-wiedersehen-werte-und-strahlende-gesichter\/#respond\"]}]},{\"@type\":\"WebPage\",\"@id\":\"https:\/\/www.libri.de\/de\/magazin\/ueber-wiedersehen-werte-und-strahlende-gesichter\/\",\"url\":\"https:\/\/www.libri.de\/de\/magazin\/ueber-wiedersehen-werte-und-strahlende-gesichter\/\",\"name\":\"\u00dcber Wiedersehen, Werte und strahlende Gesichter | Libri GmbH\",\"isPartOf\":{\"@id\":\"https:\/\/www.libri.de\/fr\/#website\"},\"primaryImageOfPage\":{\"@id\":\"https:\/\/www.libri.de\/de\/magazin\/ueber-wiedersehen-werte-und-strahlende-gesichter\/#primaryimage\"},\"image\":{\"@id\":\"https:\/\/www.libri.de\/de\/magazin\/ueber-wiedersehen-werte-und-strahlende-gesichter\/#primaryimage\"},\"thumbnailUrl\":\"https:\/\/www.libri.de\/wp-content\/uploads\/2022\/05\/Libri_Campus_22_Bad_Hersfeld.jpg\",\"datePublished\":\"2022-05-18T12:51:07+00:00\",\"dateModified\":\"2022-05-23T08:24:08+00:00\",\"breadcrumb\":{\"@id\":\"https:\/\/www.libri.de\/de\/magazin\/ueber-wiedersehen-werte-und-strahlende-gesichter\/#breadcrumb\"},\"inLanguage\":\"de\",\"potentialAction\":[{\"@type\":\"ReadAction\",\"target\":[\"https:\/\/www.libri.de\/de\/magazin\/ueber-wiedersehen-werte-und-strahlende-gesichter\/\"]}]},{\"@type\":\"ImageObject\",\"inLanguage\":\"de\",\"@id\":\"https:\/\/www.libri.de\/de\/magazin\/ueber-wiedersehen-werte-und-strahlende-gesichter\/#primaryimage\",\"url\":\"https:\/\/www.libri.de\/wp-content\/uploads\/2022\/05\/Libri_Campus_22_Bad_Hersfeld.jpg\",\"contentUrl\":\"https:\/\/www.libri.de\/wp-content\/uploads\/2022\/05\/Libri_Campus_22_Bad_Hersfeld.jpg\",\"width\":1988,\"height\":940,\"caption\":\"Buchh\u00e4ndler werden auf dem Libri.Campus 22 begr\u00fc\u00dft\"},{\"@type\":\"BreadcrumbList\",\"@id\":\"https:\/\/www.libri.de\/de\/magazin\/ueber-wiedersehen-werte-und-strahlende-gesichter\/#breadcrumb\",\"itemListElement\":[{\"@type\":\"ListItem\",\"position\":1,\"name\":\"Start\",\"item\":\"https:\/\/www.libri.de\/de\/\"},{\"@type\":\"ListItem\",\"position\":2,\"name\":\"\u00dcber Wiedersehen, Werte und strahlende Gesichter\"}]},{\"@type\":\"WebSite\",\"@id\":\"https:\/\/www.libri.de\/fr\/#website\",\"url\":\"https:\/\/www.libri.de\/fr\/\",\"name\":\"Libri GmbH\",\"description\":\"Barsortiment und Gro\u00dfhandel f\u00fcr B\u00fccher und andere Medien\",\"publisher\":{\"@id\":\"https:\/\/www.libri.de\/fr\/#organization\"},\"potentialAction\":[{\"@type\":\"SearchAction\",\"target\":{\"@type\":\"EntryPoint\",\"urlTemplate\":\"https:\/\/www.libri.de\/fr\/?s={search_term_string}\"},\"query-input\":{\"@type\":\"PropertyValueSpecification\",\"valueRequired\":true,\"valueName\":\"search_term_string\"}}],\"inLanguage\":\"de\"},{\"@type\":\"Organization\",\"@id\":\"https:\/\/www.libri.de\/fr\/#organization\",\"name\":\"Libri\",\"url\":\"https:\/\/www.libri.de\/fr\/\",\"logo\":{\"@type\":\"ImageObject\",\"inLanguage\":\"de\",\"@id\":\"https:\/\/www.libri.de\/fr\/#\/schema\/logo\/image\/\",\"url\":\"https:\/\/188.64.195.32\/wp-content\/uploads\/2022\/04\/libri_logo-1.jpg\",\"contentUrl\":\"https:\/\/188.64.195.32\/wp-content\/uploads\/2022\/04\/libri_logo-1.jpg\",\"width\":2000,\"height\":1000,\"caption\":\"Libri\"},\"image\":{\"@id\":\"https:\/\/www.libri.de\/fr\/#\/schema\/logo\/image\/\"},\"sameAs\":[\"https:\/\/www.facebook.com\/libribarsortiment\",\"https:\/\/www.instagram.com\/libri.barsortiment\",\"https:\/\/www.linkedin.com\/company\/libri-gmbh\"]},{\"@type\":\"Person\",\"@id\":\"https:\/\/www.libri.de\/fr\/#\/schema\/person\/e63eeac12b53ae48de92e0a3f656f40f\",\"name\":\"admin\",\"image\":{\"@type\":\"ImageObject\",\"inLanguage\":\"de\",\"@id\":\"https:\/\/www.libri.de\/fr\/#\/schema\/person\/image\/\",\"url\":\"https:\/\/secure.gravatar.com\/avatar\/c262047f1de1c10b5ac0ce5fdbc1d63a340e746e9bd07458afbe370bb52df17d?s=96&d=mm&r=g\",\"contentUrl\":\"https:\/\/secure.gravatar.com\/avatar\/c262047f1de1c10b5ac0ce5fdbc1d63a340e746e9bd07458afbe370bb52df17d?s=96&d=mm&r=g\",\"caption\":\"admin\"}}]}<\/script>\n<!-- \/ Yoast SEO plugin. -->","yoast_head_json":{"title":"\u00dcber Wiedersehen, Werte und strahlende Gesichter | Libri GmbH","robots":{"index":"index","follow":"follow","max-snippet":"max-snippet:-1","max-image-preview":"max-image-preview:large","max-video-preview":"max-video-preview:-1"},"canonical":"https:\/\/www.libri.de\/de\/magazin\/ueber-wiedersehen-werte-und-strahlende-gesichter\/","og_locale":"de_DE","og_type":"article","og_title":"\u00dcber Wiedersehen, Werte und strahlende Gesichter | Libri GmbH","og_description":"F\u00fcr zwei Tage trafen sich rund 170 Buchh\u00e4ndler*innen zu Impulsen, Inspiration und Austausch beim Libri.Campus live 2022 in Bad Hersfeld. Welche Highlights es gab, lesen Sie hier.","og_url":"https:\/\/www.libri.de\/de\/magazin\/ueber-wiedersehen-werte-und-strahlende-gesichter\/","og_site_name":"Libri GmbH","article_publisher":"https:\/\/www.facebook.com\/libribarsortiment","article_published_time":"2022-05-18T12:51:07+00:00","article_modified_time":"2022-05-23T08:24:08+00:00","og_image":[{"width":1988,"height":940,"url":"https:\/\/www.libri.de\/wp-content\/uploads\/2022\/05\/Libri_Campus_22_Bad_Hersfeld.jpg","type":"image\/jpeg"}],"author":"admin","twitter_card":"summary_large_image","twitter_misc":{"Verfasst von":"admin"},"schema":{"@context":"https:\/\/schema.org","@graph":[{"@type":"Article","@id":"https:\/\/www.libri.de\/de\/magazin\/ueber-wiedersehen-werte-und-strahlende-gesichter\/#article","isPartOf":{"@id":"https:\/\/www.libri.de\/de\/magazin\/ueber-wiedersehen-werte-und-strahlende-gesichter\/"},"author":{"name":"admin","@id":"https:\/\/www.libri.de\/fr\/#\/schema\/person\/e63eeac12b53ae48de92e0a3f656f40f"},"headline":"\u00dcber Wiedersehen, Werte und strahlende Gesichter","datePublished":"2022-05-18T12:51:07+00:00","dateModified":"2022-05-23T08:24:08+00:00","mainEntityOfPage":{"@id":"https:\/\/www.libri.de\/de\/magazin\/ueber-wiedersehen-werte-und-strahlende-gesichter\/"},"wordCount":6,"commentCount":0,"publisher":{"@id":"https:\/\/www.libri.de\/fr\/#organization"},"image":{"@id":"https:\/\/www.libri.de\/de\/magazin\/ueber-wiedersehen-werte-und-strahlende-gesichter\/#primaryimage"},"thumbnailUrl":"https:\/\/www.libri.de\/wp-content\/uploads\/2022\/05\/Libri_Campus_22_Bad_Hersfeld.jpg","keywords":["Libri.Campus"],"articleSection":["Campus erleben"],"inLanguage":"de","potentialAction":[{"@type":"CommentAction","name":"Comment","target":["https:\/\/www.libri.de\/de\/magazin\/ueber-wiedersehen-werte-und-strahlende-gesichter\/#respond"]}]},{"@type":"WebPage","@id":"https:\/\/www.libri.de\/de\/magazin\/ueber-wiedersehen-werte-und-strahlende-gesichter\/","url":"https:\/\/www.libri.de\/de\/magazin\/ueber-wiedersehen-werte-und-strahlende-gesichter\/","name":"\u00dcber Wiedersehen, Werte und strahlende Gesichter | Libri GmbH","isPartOf":{"@id":"https:\/\/www.libri.de\/fr\/#website"},"primaryImageOfPage":{"@id":"https:\/\/www.libri.de\/de\/magazin\/ueber-wiedersehen-werte-und-strahlende-gesichter\/#primaryimage"},"image":{"@id":"https:\/\/www.libri.de\/de\/magazin\/ueber-wiedersehen-werte-und-strahlende-gesichter\/#primaryimage"},"thumbnailUrl":"https:\/\/www.libri.de\/wp-content\/uploads\/2022\/05\/Libri_Campus_22_Bad_Hersfeld.jpg","datePublished":"2022-05-18T12:51:07+00:00","dateModified":"2022-05-23T08:24:08+00:00","breadcrumb":{"@id":"https:\/\/www.libri.de\/de\/magazin\/ueber-wiedersehen-werte-und-strahlende-gesichter\/#breadcrumb"},"inLanguage":"de","potentialAction":[{"@type":"ReadAction","target":["https:\/\/www.libri.de\/de\/magazin\/ueber-wiedersehen-werte-und-strahlende-gesichter\/"]}]},{"@type":"ImageObject","inLanguage":"de","@id":"https:\/\/www.libri.de\/de\/magazin\/ueber-wiedersehen-werte-und-strahlende-gesichter\/#primaryimage","url":"https:\/\/www.libri.de\/wp-content\/uploads\/2022\/05\/Libri_Campus_22_Bad_Hersfeld.jpg","contentUrl":"https:\/\/www.libri.de\/wp-content\/uploads\/2022\/05\/Libri_Campus_22_Bad_Hersfeld.jpg","width":1988,"height":940,"caption":"Buchh\u00e4ndler werden auf dem Libri.Campus 22 begr\u00fc\u00dft"},{"@type":"BreadcrumbList","@id":"https:\/\/www.libri.de\/de\/magazin\/ueber-wiedersehen-werte-und-strahlende-gesichter\/#breadcrumb","itemListElement":[{"@type":"ListItem","position":1,"name":"Start","item":"https:\/\/www.libri.de\/de\/"},{"@type":"ListItem","position":2,"name":"\u00dcber Wiedersehen, Werte und strahlende Gesichter"}]},{"@type":"WebSite","@id":"https:\/\/www.libri.de\/fr\/#website","url":"https:\/\/www.libri.de\/fr\/","name":"Libri GmbH","description":"Barsortiment und Gro\u00dfhandel f\u00fcr B\u00fccher und andere Medien","publisher":{"@id":"https:\/\/www.libri.de\/fr\/#organization"},"potentialAction":[{"@type":"SearchAction","target":{"@type":"EntryPoint","urlTemplate":"https:\/\/www.libri.de\/fr\/?s={search_term_string}"},"query-input":{"@type":"PropertyValueSpecification","valueRequired":true,"valueName":"search_term_string"}}],"inLanguage":"de"},{"@type":"Organization","@id":"https:\/\/www.libri.de\/fr\/#organization","name":"Libri","url":"https:\/\/www.libri.de\/fr\/","logo":{"@type":"ImageObject","inLanguage":"de","@id":"https:\/\/www.libri.de\/fr\/#\/schema\/logo\/image\/","url":"https:\/\/188.64.195.32\/wp-content\/uploads\/2022\/04\/libri_logo-1.jpg","contentUrl":"https:\/\/188.64.195.32\/wp-content\/uploads\/2022\/04\/libri_logo-1.jpg","width":2000,"height":1000,"caption":"Libri"},"image":{"@id":"https:\/\/www.libri.de\/fr\/#\/schema\/logo\/image\/"},"sameAs":["https:\/\/www.facebook.com\/libribarsortiment","https:\/\/www.instagram.com\/libri.barsortiment","https:\/\/www.linkedin.com\/company\/libri-gmbh"]},{"@type":"Person","@id":"https:\/\/www.libri.de\/fr\/#\/schema\/person\/e63eeac12b53ae48de92e0a3f656f40f","name":"admin","image":{"@type":"ImageObject","inLanguage":"de","@id":"https:\/\/www.libri.de\/fr\/#\/schema\/person\/image\/","url":"https:\/\/secure.gravatar.com\/avatar\/c262047f1de1c10b5ac0ce5fdbc1d63a340e746e9bd07458afbe370bb52df17d?s=96&d=mm&r=g","contentUrl":"https:\/\/secure.gravatar.com\/avatar\/c262047f1de1c10b5ac0ce5fdbc1d63a340e746e9bd07458afbe370bb52df17d?s=96&d=mm&r=g","caption":"admin"}}]}},"_links":{"self":[{"href":"https:\/\/www.libri.de\/de\/wp-json\/wp\/v2\/posts\/40024","targetHints":{"allow":["GET"]}}],"collection":[{"href":"https:\/\/www.libri.de\/de\/wp-json\/wp\/v2\/posts"}],"about":[{"href":"https:\/\/www.libri.de\/de\/wp-json\/wp\/v2\/types\/post"}],"author":[{"embeddable":true,"href":"https:\/\/www.libri.de\/de\/wp-json\/wp\/v2\/users\/10"}],"replies":[{"embeddable":true,"href":"https:\/\/www.libri.de\/de\/wp-json\/wp\/v2\/comments?post=40024"}],"version-history":[{"count":0,"href":"https:\/\/www.libri.de\/de\/wp-json\/wp\/v2\/posts\/40024\/revisions"}],"wp:featuredmedia":[{"embeddable":true,"href":"https:\/\/www.libri.de\/de\/wp-json\/wp\/v2\/media\/40034"}],"wp:attachment":[{"href":"https:\/\/www.libri.de\/de\/wp-json\/wp\/v2\/media?parent=40024"}],"wp:term":[{"taxonomy":"category","embeddable":true,"href":"https:\/\/www.libri.de\/de\/wp-json\/wp\/v2\/categories?post=40024"},{"taxonomy":"post_tag","embeddable":true,"href":"https:\/\/www.libri.de\/de\/wp-json\/wp\/v2\/tags?post=40024"}],"curies":[{"name":"wp","href":"https:\/\/api.w.org\/{rel}","templated":true}]}}