{"id":38722,"date":"2022-03-24T12:39:56","date_gmt":"2022-03-24T10:39:56","guid":{"rendered":"https:\/\/www.libri.de\/?p=38722"},"modified":"2025-08-11T11:07:44","modified_gmt":"2025-08-11T09:07:44","slug":"ueber-know-how-und-mut-fuer-gruenderinnen","status":"publish","type":"post","link":"https:\/\/www.libri.de\/de\/magazin\/ueber-know-how-und-mut-fuer-gruenderinnen\/","title":{"rendered":"\u00dcber Know-how und Mut f\u00fcr Gr\u00fcnder*innen"},"content":{"rendered":"\r\n<div id=\"text-block_623c48d9b327d\" class=\"block-text module type-text bc-trans\">\r\n  <div class=\"container\">\r\n\r\n    \r\n      <div class=\"row \">\r\n\r\n        \r\n        <div class=\"col-12 col-md-9\">\r\n\r\n          \r\n          <div class=\"text for-box-js\">\r\n            <p>Die Termine im zweiten Quartal 2022 bringen frischen Wind in das Gr\u00fcndungsangebot: Claudia Ordelmans aus dem Libri-Vertrieb l\u00f6st Kundenberaterin Sibylle Heyn ab und steht k\u00fcnftig an der Seite von Klaus-W. Bramann.<\/p>\n<p>In den letzten zehn Jahren berieten Klaus-W. Bramann und Sibylle Heyn als Buchhandelsexpert*innen \u00fcber 700 Interessierte und Inhaber*innen in spe in Pr\u00e4senz- und Onlineseminaren. Von den vielen Teilnehmenden haben rund 200 eine Buchhandlung erfolgreich gegr\u00fcndet oder \u00fcbernommen. Dabei kamen die beiden ordentlich rum und f\u00fchrten die Seminare in Stuttgart, Wiesbaden, D\u00fcsseldorf, Hamburg, Berlin, Hannover und Frankfurt durch. Seit September 2020 findet das Angebot ausschlie\u00dflich digital statt \u2013 und das nicht weniger erfolgreich. Die Seminare sind nach Ver\u00f6ffentlichung auf der Website immer schnell ausgebucht!<\/p>\n          <\/div>\r\n\r\n          \r\n          \r\n        <\/div>\r\n        \r\n      <\/div>\r\n\r\n    \r\n  <\/div>\r\n<\/div>\r\n\r\n\n\n\r\n<div id=\"box-block_623c48eeb327e\" class=\"block-box type-info\">\r\n\r\n  <div class=\"container\">\r\n    <div class=\"box-teaser\">\r\n      <div class=\"icon icon-info\"><\/div>\r\n      <div class=\"text\">\r\n        <p>Neugierig geworden? Am 28. April und 14. Juni bietet Libri das Einstiegsseminar \u201eGr\u00fcnden oder \u00fcbernehmen\u201c an, am 5. Juli folgt das Angebot \u201eNachfolge suchen, Nachfolge werden\u201c. Alle Termine finden online statt.<\/p>\n      <\/div>\r\n              <div>\r\n          <a href=\"https:\/\/www.libri.de\/de\/fuer-den-handel\/libri-campus\/existenzgruendung-und-uebergabe\/\" class=\"link\" target=\"_blank\" >\r\n            <span class=\"title\">Zu den Terminen<\/span><span class=\"after\"> ><\/span>\r\n          <\/a>\r\n        <\/div>\r\n          <\/div>\r\n  <\/div>\r\n<\/div>\r\n\r\n\n\n\r\n<div id=\"text-block_623c4d56b3281\" class=\"block-text module type-text bc-trans\">\r\n  <div class=\"container\">\r\n\r\n    \r\n      <div class=\"row \">\r\n\r\n        \r\n        <div class=\"col-12 col-md-9\">\r\n\r\n          \r\n          <div class=\"text for-box-js\">\r\n            <p>\u201eDie vollen Teilnahmelisten freuen mich immer sehr! Sie zeigen, dass viele Menschen mit ihrer eigenen Buchhandlung kulturelle Vielfalt bef\u00f6rdern m\u00f6chten. Zu sehen, dass aus den Seminaren viele erfolgreiche Buchl\u00e4den entstehen, hat mir immer viel Freude bereitet.\u201c res\u00fcmiert Sibylle Heyn ihre Zeit als Referentin f\u00fcr die verschiedenen Veranstaltungen.<\/p>\n<p>Sibylle Heyn war 27 Jahren als Kundenberaterin f\u00fcr Libri in Rheinland-Pfalz und Nordrhein-Westfalen unterwegs und geht nun in den Ruhestand. Sie \u00fcbergibt den Seminar-Staffelstab an Claudia Ordelmans. Bevor sie vor sechs Jahren bei Libri mit Vertriebsverantwortung einstieg, war Claudia Ordelmans in Berlin, Leipzig und Frankfurt\/Main als Ausbilderin und Leiterin von Buchhandlungen verschiedenster Gr\u00f6\u00dfe t\u00e4tig.<\/p>\n<p>\u201eMit meinen Erfahrungen aus der Buchhandelspraxis m\u00f6chte ich den zuk\u00fcnftigen Gr\u00fcnder*innen Mut machen, ihren Traum Realit\u00e4t werden zu lassen.\u201c freut sich Claudia Ordelmans.<\/p>\n          <\/div>\r\n\r\n          \r\n          \r\n        <\/div>\r\n        \r\n      <\/div>\r\n\r\n    \r\n  <\/div>\r\n<\/div>\r\n\r\n\n\n\r\n<div id=\"image-block_623c4c80b3280\" class=\"block-image module type-default bc-trans\">\r\n\r\n      <div class=\"container\">\r\n      <div class=\"row\">\r\n        <div class=\"col-12 col-md-9\">\r\n          \r\n          <div class=\"row\">\r\n\r\n                          <div class=\"col\">\r\n                <img decoding=\"async\" width=\"640\" height=\"640\" src=\"https:\/\/www.libri.de\/wp-content\/uploads\/2021\/11\/Claudia_Ordelmans_Libri_Vertrieb.png\" class=\"attachment-large size-large\" alt=\"Portrait von Claudia Ordelmans aus dem Libri-Vertrieb\" srcset=\"https:\/\/www.libri.de\/wp-content\/uploads\/2021\/11\/Claudia_Ordelmans_Libri_Vertrieb.png 640w, https:\/\/www.libri.de\/wp-content\/uploads\/2021\/11\/Claudia_Ordelmans_Libri_Vertrieb-300x300.png 300w, https:\/\/www.libri.de\/wp-content\/uploads\/2021\/11\/Claudia_Ordelmans_Libri_Vertrieb-150x150.png 150w\" sizes=\"(max-width: 640px) 100vw, 640px\" \/>              <\/div>\r\n                        \r\n                          <div class=\"col-6\">\r\n                <img decoding=\"async\" width=\"50\" height=\"50\" src=\"https:\/\/www.libri.de\/wp-content\/uploads\/2021\/06\/platzhalter_bild.png\" class=\"attachment-large size-large\" alt=\"\" \/>              <\/div>\r\n            \r\n          <\/div>\r\n\r\n          <div class=\"row\">\r\n\r\n                          <div class=\"col caption\">\r\n                Claudia Ordelmans, Libri-Vertriebsleiterin S\u00fcddeutschland, l\u00f6st in den Gr\u00fcndungsseminaren nun Sibylle Heyn ab und bildet mit Klaus W. Bramann das neue Expertenduo.              <\/div>\r\n                        \r\n            \r\n          <\/div>\r\n\r\n        <\/div>\r\n      <\/div>\r\n    <\/div>\r\n\r\n   \r\n  \r\n<\/div>\r\n\r\n\n\n\r\n<div id=\"text-block_623c492cb327f\" class=\"block-text module type-text bc-trans\">\r\n  <div class=\"container\">\r\n\r\n    \r\n      <div class=\"row \">\r\n\r\n        \r\n        <div class=\"col-12 col-md-9\">\r\n\r\n          \r\n          <div class=\"text for-box-js\">\r\n            <p>Berater Klaus W. Bramann bleibt den Seminarteilnehmenden weiterhin als Gr\u00fcndungsexperte erhalten und steht neben Claudia Ordelmans immer f\u00fcr Fragen der Teilnehmenden zur Verf\u00fcgung.<\/p>\n<p>Das Seminarangebot von Libri ist unterteilt in einen Workshop f\u00fcr Gr\u00fcnder*innen und ein Seminar f\u00fcr Nachfolge. Neben praxisnahe Entscheidungs- und Umsetzungshilfen f\u00fcr den Aufbau der Buchhandlung geht es auch um fundierte Fachkenntnisse zu Kostenmanagement, Branding, Sortimentsgestaltung und Tipps zum Online-Auftritt. In den Seminaren \u201eNachfolge suchen, Nachfolge werden\u201c stehen \u00f6konomische Aspekte einer Nachfolge aus K\u00e4ufer- und Verk\u00e4ufersicht im Fokus. <\/p>\n          <\/div>\r\n\r\n          \r\n          \r\n        <\/div>\r\n        \r\n      <\/div>\r\n\r\n    \r\n  <\/div>\r\n<\/div>\r\n\r\n","protected":false},"excerpt":{"rendered":"<p>Schon seit 10 Jahren veranstaltet Libri Seminare und unterst\u00fctzt Gr\u00fcnder*innen dabei, sich den Traum einer eigenen Buchhandlung zu erf\u00fcllen. Nun steht ein Wechsel im Expertenduo an.<\/p>\n","protected":false},"author":10,"featured_media":32236,"comment_status":"open","ping_status":"open","sticky":false,"template":"","format":"standard","meta":{"_acf_changed":false,"footnotes":""},"categories":[4],"tags":[138],"class_list":["post-38722","post","type-post","status-publish","format-standard","has-post-thumbnail","hentry","category-campus-erleben","tag-gruendung_nachfolge"],"acf":[],"yoast_head":"<!-- This site is optimized with the Yoast SEO plugin v27.0 - https:\/\/yoast.com\/product\/yoast-seo-wordpress\/ -->\n<title>\u00dcber Know-how und Mut f\u00fcr Gr\u00fcnder*innen | Libri GmbH<\/title>\n<meta name=\"robots\" content=\"index, follow, max-snippet:-1, max-image-preview:large, max-video-preview:-1\" \/>\n<link rel=\"canonical\" href=\"https:\/\/www.libri.de\/de\/magazin\/ueber-know-how-und-mut-fuer-gruenderinnen\/\" \/>\n<meta property=\"og:locale\" content=\"de_DE\" \/>\n<meta property=\"og:type\" content=\"article\" \/>\n<meta property=\"og:title\" content=\"\u00dcber Know-how und Mut f\u00fcr Gr\u00fcnder*innen | Libri GmbH\" \/>\n<meta property=\"og:description\" content=\"Schon seit 10 Jahren veranstaltet Libri Seminare und unterst\u00fctzt Gr\u00fcnder*innen dabei, sich den Traum einer eigenen Buchhandlung zu erf\u00fcllen. Nun steht ein Wechsel im Expertenduo an.\" \/>\n<meta property=\"og:url\" content=\"https:\/\/www.libri.de\/de\/magazin\/ueber-know-how-und-mut-fuer-gruenderinnen\/\" \/>\n<meta property=\"og:site_name\" content=\"Libri GmbH\" \/>\n<meta property=\"article:publisher\" content=\"https:\/\/www.facebook.com\/libribarsortiment\" \/>\n<meta property=\"article:published_time\" content=\"2022-03-24T10:39:56+00:00\" \/>\n<meta property=\"article:modified_time\" content=\"2025-08-11T09:07:44+00:00\" \/>\n<meta property=\"og:image\" content=\"https:\/\/www.libri.de\/wp-content\/uploads\/2021\/11\/gruenden-uebernehmen-header.jpg\" \/>\n\t<meta property=\"og:image:width\" content=\"1990\" \/>\n\t<meta property=\"og:image:height\" content=\"1100\" \/>\n\t<meta property=\"og:image:type\" content=\"image\/jpeg\" \/>\n<meta name=\"author\" content=\"admin\" \/>\n<meta name=\"twitter:card\" content=\"summary_large_image\" \/>\n<meta name=\"twitter:label1\" content=\"Verfasst von\" \/>\n\t<meta name=\"twitter:data1\" content=\"admin\" \/>\n\t<meta name=\"twitter:label2\" content=\"Gesch\u00e4tzte Lesezeit\" \/>\n\t<meta name=\"twitter:data2\" content=\"1\u00a0Minute\" \/>\n<script type=\"application\/ld+json\" class=\"yoast-schema-graph\">{\"@context\":\"https:\/\/schema.org\",\"@graph\":[{\"@type\":\"Article\",\"@id\":\"https:\/\/www.libri.de\/de\/magazin\/ueber-know-how-und-mut-fuer-gruenderinnen\/#article\",\"isPartOf\":{\"@id\":\"https:\/\/www.libri.de\/de\/magazin\/ueber-know-how-und-mut-fuer-gruenderinnen\/\"},\"author\":{\"name\":\"admin\",\"@id\":\"https:\/\/www.libri.de\/fr\/#\/schema\/person\/e63eeac12b53ae48de92e0a3f656f40f\"},\"headline\":\"\u00dcber Know-how und Mut f\u00fcr Gr\u00fcnder*innen\",\"datePublished\":\"2022-03-24T10:39:56+00:00\",\"dateModified\":\"2025-08-11T09:07:44+00:00\",\"mainEntityOfPage\":{\"@id\":\"https:\/\/www.libri.de\/de\/magazin\/ueber-know-how-und-mut-fuer-gruenderinnen\/\"},\"wordCount\":9,\"commentCount\":0,\"publisher\":{\"@id\":\"https:\/\/www.libri.de\/fr\/#organization\"},\"image\":{\"@id\":\"https:\/\/www.libri.de\/de\/magazin\/ueber-know-how-und-mut-fuer-gruenderinnen\/#primaryimage\"},\"thumbnailUrl\":\"https:\/\/www.libri.de\/wp-content\/uploads\/2021\/11\/gruenden-uebernehmen-header.jpg\",\"keywords\":[\"Gr\u00fcndung &amp; Nachfolge\"],\"articleSection\":[\"Campus erleben\"],\"inLanguage\":\"de\",\"potentialAction\":[{\"@type\":\"CommentAction\",\"name\":\"Comment\",\"target\":[\"https:\/\/www.libri.de\/de\/magazin\/ueber-know-how-und-mut-fuer-gruenderinnen\/#respond\"]}]},{\"@type\":\"WebPage\",\"@id\":\"https:\/\/www.libri.de\/de\/magazin\/ueber-know-how-und-mut-fuer-gruenderinnen\/\",\"url\":\"https:\/\/www.libri.de\/de\/magazin\/ueber-know-how-und-mut-fuer-gruenderinnen\/\",\"name\":\"\u00dcber Know-how und Mut f\u00fcr Gr\u00fcnder*innen | Libri GmbH\",\"isPartOf\":{\"@id\":\"https:\/\/www.libri.de\/fr\/#website\"},\"primaryImageOfPage\":{\"@id\":\"https:\/\/www.libri.de\/de\/magazin\/ueber-know-how-und-mut-fuer-gruenderinnen\/#primaryimage\"},\"image\":{\"@id\":\"https:\/\/www.libri.de\/de\/magazin\/ueber-know-how-und-mut-fuer-gruenderinnen\/#primaryimage\"},\"thumbnailUrl\":\"https:\/\/www.libri.de\/wp-content\/uploads\/2021\/11\/gruenden-uebernehmen-header.jpg\",\"datePublished\":\"2022-03-24T10:39:56+00:00\",\"dateModified\":\"2025-08-11T09:07:44+00:00\",\"breadcrumb\":{\"@id\":\"https:\/\/www.libri.de\/de\/magazin\/ueber-know-how-und-mut-fuer-gruenderinnen\/#breadcrumb\"},\"inLanguage\":\"de\",\"potentialAction\":[{\"@type\":\"ReadAction\",\"target\":[\"https:\/\/www.libri.de\/de\/magazin\/ueber-know-how-und-mut-fuer-gruenderinnen\/\"]}]},{\"@type\":\"ImageObject\",\"inLanguage\":\"de\",\"@id\":\"https:\/\/www.libri.de\/de\/magazin\/ueber-know-how-und-mut-fuer-gruenderinnen\/#primaryimage\",\"url\":\"https:\/\/www.libri.de\/wp-content\/uploads\/2021\/11\/gruenden-uebernehmen-header.jpg\",\"contentUrl\":\"https:\/\/www.libri.de\/wp-content\/uploads\/2021\/11\/gruenden-uebernehmen-header.jpg\",\"width\":1990,\"height\":1100,\"caption\":\"Gr\u00fcnden, weiterf\u00fchren, \u00fcbergeben\"},{\"@type\":\"BreadcrumbList\",\"@id\":\"https:\/\/www.libri.de\/de\/magazin\/ueber-know-how-und-mut-fuer-gruenderinnen\/#breadcrumb\",\"itemListElement\":[{\"@type\":\"ListItem\",\"position\":1,\"name\":\"Start\",\"item\":\"https:\/\/www.libri.de\/de\/\"},{\"@type\":\"ListItem\",\"position\":2,\"name\":\"\u00dcber Know-how und Mut f\u00fcr Gr\u00fcnder*innen\"}]},{\"@type\":\"WebSite\",\"@id\":\"https:\/\/www.libri.de\/fr\/#website\",\"url\":\"https:\/\/www.libri.de\/fr\/\",\"name\":\"Libri GmbH\",\"description\":\"Barsortiment und Gro\u00dfhandel f\u00fcr B\u00fccher und andere Medien\",\"publisher\":{\"@id\":\"https:\/\/www.libri.de\/fr\/#organization\"},\"potentialAction\":[{\"@type\":\"SearchAction\",\"target\":{\"@type\":\"EntryPoint\",\"urlTemplate\":\"https:\/\/www.libri.de\/fr\/?s={search_term_string}\"},\"query-input\":{\"@type\":\"PropertyValueSpecification\",\"valueRequired\":true,\"valueName\":\"search_term_string\"}}],\"inLanguage\":\"de\"},{\"@type\":\"Organization\",\"@id\":\"https:\/\/www.libri.de\/fr\/#organization\",\"name\":\"Libri\",\"url\":\"https:\/\/www.libri.de\/fr\/\",\"logo\":{\"@type\":\"ImageObject\",\"inLanguage\":\"de\",\"@id\":\"https:\/\/www.libri.de\/fr\/#\/schema\/logo\/image\/\",\"url\":\"https:\/\/188.64.195.32\/wp-content\/uploads\/2022\/04\/libri_logo-1.jpg\",\"contentUrl\":\"https:\/\/188.64.195.32\/wp-content\/uploads\/2022\/04\/libri_logo-1.jpg\",\"width\":2000,\"height\":1000,\"caption\":\"Libri\"},\"image\":{\"@id\":\"https:\/\/www.libri.de\/fr\/#\/schema\/logo\/image\/\"},\"sameAs\":[\"https:\/\/www.facebook.com\/libribarsortiment\",\"https:\/\/www.instagram.com\/libri.barsortiment\",\"https:\/\/www.linkedin.com\/company\/libri-gmbh\"]},{\"@type\":\"Person\",\"@id\":\"https:\/\/www.libri.de\/fr\/#\/schema\/person\/e63eeac12b53ae48de92e0a3f656f40f\",\"name\":\"admin\",\"image\":{\"@type\":\"ImageObject\",\"inLanguage\":\"de\",\"@id\":\"https:\/\/www.libri.de\/fr\/#\/schema\/person\/image\/\",\"url\":\"https:\/\/secure.gravatar.com\/avatar\/c262047f1de1c10b5ac0ce5fdbc1d63a340e746e9bd07458afbe370bb52df17d?s=96&d=mm&r=g\",\"contentUrl\":\"https:\/\/secure.gravatar.com\/avatar\/c262047f1de1c10b5ac0ce5fdbc1d63a340e746e9bd07458afbe370bb52df17d?s=96&d=mm&r=g\",\"caption\":\"admin\"}}]}<\/script>\n<!-- \/ Yoast SEO plugin. -->","yoast_head_json":{"title":"\u00dcber Know-how und Mut f\u00fcr Gr\u00fcnder*innen | Libri GmbH","robots":{"index":"index","follow":"follow","max-snippet":"max-snippet:-1","max-image-preview":"max-image-preview:large","max-video-preview":"max-video-preview:-1"},"canonical":"https:\/\/www.libri.de\/de\/magazin\/ueber-know-how-und-mut-fuer-gruenderinnen\/","og_locale":"de_DE","og_type":"article","og_title":"\u00dcber Know-how und Mut f\u00fcr Gr\u00fcnder*innen | Libri GmbH","og_description":"Schon seit 10 Jahren veranstaltet Libri Seminare und unterst\u00fctzt Gr\u00fcnder*innen dabei, sich den Traum einer eigenen Buchhandlung zu erf\u00fcllen. Nun steht ein Wechsel im Expertenduo an.","og_url":"https:\/\/www.libri.de\/de\/magazin\/ueber-know-how-und-mut-fuer-gruenderinnen\/","og_site_name":"Libri GmbH","article_publisher":"https:\/\/www.facebook.com\/libribarsortiment","article_published_time":"2022-03-24T10:39:56+00:00","article_modified_time":"2025-08-11T09:07:44+00:00","og_image":[{"width":1990,"height":1100,"url":"https:\/\/www.libri.de\/wp-content\/uploads\/2021\/11\/gruenden-uebernehmen-header.jpg","type":"image\/jpeg"}],"author":"admin","twitter_card":"summary_large_image","twitter_misc":{"Verfasst von":"admin","Gesch\u00e4tzte Lesezeit":"1\u00a0Minute"},"schema":{"@context":"https:\/\/schema.org","@graph":[{"@type":"Article","@id":"https:\/\/www.libri.de\/de\/magazin\/ueber-know-how-und-mut-fuer-gruenderinnen\/#article","isPartOf":{"@id":"https:\/\/www.libri.de\/de\/magazin\/ueber-know-how-und-mut-fuer-gruenderinnen\/"},"author":{"name":"admin","@id":"https:\/\/www.libri.de\/fr\/#\/schema\/person\/e63eeac12b53ae48de92e0a3f656f40f"},"headline":"\u00dcber Know-how und Mut f\u00fcr Gr\u00fcnder*innen","datePublished":"2022-03-24T10:39:56+00:00","dateModified":"2025-08-11T09:07:44+00:00","mainEntityOfPage":{"@id":"https:\/\/www.libri.de\/de\/magazin\/ueber-know-how-und-mut-fuer-gruenderinnen\/"},"wordCount":9,"commentCount":0,"publisher":{"@id":"https:\/\/www.libri.de\/fr\/#organization"},"image":{"@id":"https:\/\/www.libri.de\/de\/magazin\/ueber-know-how-und-mut-fuer-gruenderinnen\/#primaryimage"},"thumbnailUrl":"https:\/\/www.libri.de\/wp-content\/uploads\/2021\/11\/gruenden-uebernehmen-header.jpg","keywords":["Gr\u00fcndung &amp; Nachfolge"],"articleSection":["Campus erleben"],"inLanguage":"de","potentialAction":[{"@type":"CommentAction","name":"Comment","target":["https:\/\/www.libri.de\/de\/magazin\/ueber-know-how-und-mut-fuer-gruenderinnen\/#respond"]}]},{"@type":"WebPage","@id":"https:\/\/www.libri.de\/de\/magazin\/ueber-know-how-und-mut-fuer-gruenderinnen\/","url":"https:\/\/www.libri.de\/de\/magazin\/ueber-know-how-und-mut-fuer-gruenderinnen\/","name":"\u00dcber Know-how und Mut f\u00fcr Gr\u00fcnder*innen | Libri GmbH","isPartOf":{"@id":"https:\/\/www.libri.de\/fr\/#website"},"primaryImageOfPage":{"@id":"https:\/\/www.libri.de\/de\/magazin\/ueber-know-how-und-mut-fuer-gruenderinnen\/#primaryimage"},"image":{"@id":"https:\/\/www.libri.de\/de\/magazin\/ueber-know-how-und-mut-fuer-gruenderinnen\/#primaryimage"},"thumbnailUrl":"https:\/\/www.libri.de\/wp-content\/uploads\/2021\/11\/gruenden-uebernehmen-header.jpg","datePublished":"2022-03-24T10:39:56+00:00","dateModified":"2025-08-11T09:07:44+00:00","breadcrumb":{"@id":"https:\/\/www.libri.de\/de\/magazin\/ueber-know-how-und-mut-fuer-gruenderinnen\/#breadcrumb"},"inLanguage":"de","potentialAction":[{"@type":"ReadAction","target":["https:\/\/www.libri.de\/de\/magazin\/ueber-know-how-und-mut-fuer-gruenderinnen\/"]}]},{"@type":"ImageObject","inLanguage":"de","@id":"https:\/\/www.libri.de\/de\/magazin\/ueber-know-how-und-mut-fuer-gruenderinnen\/#primaryimage","url":"https:\/\/www.libri.de\/wp-content\/uploads\/2021\/11\/gruenden-uebernehmen-header.jpg","contentUrl":"https:\/\/www.libri.de\/wp-content\/uploads\/2021\/11\/gruenden-uebernehmen-header.jpg","width":1990,"height":1100,"caption":"Gr\u00fcnden, weiterf\u00fchren, \u00fcbergeben"},{"@type":"BreadcrumbList","@id":"https:\/\/www.libri.de\/de\/magazin\/ueber-know-how-und-mut-fuer-gruenderinnen\/#breadcrumb","itemListElement":[{"@type":"ListItem","position":1,"name":"Start","item":"https:\/\/www.libri.de\/de\/"},{"@type":"ListItem","position":2,"name":"\u00dcber Know-how und Mut f\u00fcr Gr\u00fcnder*innen"}]},{"@type":"WebSite","@id":"https:\/\/www.libri.de\/fr\/#website","url":"https:\/\/www.libri.de\/fr\/","name":"Libri GmbH","description":"Barsortiment und Gro\u00dfhandel f\u00fcr B\u00fccher und andere Medien","publisher":{"@id":"https:\/\/www.libri.de\/fr\/#organization"},"potentialAction":[{"@type":"SearchAction","target":{"@type":"EntryPoint","urlTemplate":"https:\/\/www.libri.de\/fr\/?s={search_term_string}"},"query-input":{"@type":"PropertyValueSpecification","valueRequired":true,"valueName":"search_term_string"}}],"inLanguage":"de"},{"@type":"Organization","@id":"https:\/\/www.libri.de\/fr\/#organization","name":"Libri","url":"https:\/\/www.libri.de\/fr\/","logo":{"@type":"ImageObject","inLanguage":"de","@id":"https:\/\/www.libri.de\/fr\/#\/schema\/logo\/image\/","url":"https:\/\/188.64.195.32\/wp-content\/uploads\/2022\/04\/libri_logo-1.jpg","contentUrl":"https:\/\/188.64.195.32\/wp-content\/uploads\/2022\/04\/libri_logo-1.jpg","width":2000,"height":1000,"caption":"Libri"},"image":{"@id":"https:\/\/www.libri.de\/fr\/#\/schema\/logo\/image\/"},"sameAs":["https:\/\/www.facebook.com\/libribarsortiment","https:\/\/www.instagram.com\/libri.barsortiment","https:\/\/www.linkedin.com\/company\/libri-gmbh"]},{"@type":"Person","@id":"https:\/\/www.libri.de\/fr\/#\/schema\/person\/e63eeac12b53ae48de92e0a3f656f40f","name":"admin","image":{"@type":"ImageObject","inLanguage":"de","@id":"https:\/\/www.libri.de\/fr\/#\/schema\/person\/image\/","url":"https:\/\/secure.gravatar.com\/avatar\/c262047f1de1c10b5ac0ce5fdbc1d63a340e746e9bd07458afbe370bb52df17d?s=96&d=mm&r=g","contentUrl":"https:\/\/secure.gravatar.com\/avatar\/c262047f1de1c10b5ac0ce5fdbc1d63a340e746e9bd07458afbe370bb52df17d?s=96&d=mm&r=g","caption":"admin"}}]}},"_links":{"self":[{"href":"https:\/\/www.libri.de\/de\/wp-json\/wp\/v2\/posts\/38722","targetHints":{"allow":["GET"]}}],"collection":[{"href":"https:\/\/www.libri.de\/de\/wp-json\/wp\/v2\/posts"}],"about":[{"href":"https:\/\/www.libri.de\/de\/wp-json\/wp\/v2\/types\/post"}],"author":[{"embeddable":true,"href":"https:\/\/www.libri.de\/de\/wp-json\/wp\/v2\/users\/10"}],"replies":[{"embeddable":true,"href":"https:\/\/www.libri.de\/de\/wp-json\/wp\/v2\/comments?post=38722"}],"version-history":[{"count":1,"href":"https:\/\/www.libri.de\/de\/wp-json\/wp\/v2\/posts\/38722\/revisions"}],"predecessor-version":[{"id":81661,"href":"https:\/\/www.libri.de\/de\/wp-json\/wp\/v2\/posts\/38722\/revisions\/81661"}],"wp:featuredmedia":[{"embeddable":true,"href":"https:\/\/www.libri.de\/de\/wp-json\/wp\/v2\/media\/32236"}],"wp:attachment":[{"href":"https:\/\/www.libri.de\/de\/wp-json\/wp\/v2\/media?parent=38722"}],"wp:term":[{"taxonomy":"category","embeddable":true,"href":"https:\/\/www.libri.de\/de\/wp-json\/wp\/v2\/categories?post=38722"},{"taxonomy":"post_tag","embeddable":true,"href":"https:\/\/www.libri.de\/de\/wp-json\/wp\/v2\/tags?post=38722"}],"curies":[{"name":"wp","href":"https:\/\/api.w.org\/{rel}","templated":true}]}}